{"id":8217,"date":"2019-02-11T09:08:21","date_gmt":"2019-02-11T09:08:21","guid":{"rendered":"https:\/\/euricse.staging.hgblu.com\/?p=8217"},"modified":"2019-03-28T09:59:11","modified_gmt":"2019-03-28T09:59:11","slug":"codice-del-terzo-settore-rimeditare-le-posizioni-del-consiglio-di-stato","status":"publish","type":"post","link":"https:\/\/euricse.eu\/it\/codice-del-terzo-settore-rimeditare-le-posizioni-del-consiglio-di-stato\/","title":{"rendered":"Codice del Terzo settore, un invito a rimeditare le posizioni del Consiglio di Stato"},"content":{"rendered":"<p>Coprogettazione e coprogrammazione, lettera aperta all\u2019ANAC<\/p>\n<p>Docenti e studiosi firmano il documento partito dal \u201cClub dell\u2019articolo 55\u201d<\/p>\n<p>&nbsp;<\/p>\n<p>Prima l\u2019entusiasmo, acceso con l\u2019introduzione nel Codice del terzo settore di una pi\u00f9 ampia gamma di strumenti per coprogettare, coprogrammare e gestire in convenzionamento servizi di interesse generale; applicando con coerenza il principio di sussidiariet\u00e0. Poi lo scoramento, generato dal <a href=\"https:\/\/www.giustizia-amministrativa.it\/cdsintra\/cdsintra\/AmministrazionePortale\/DocumentViewer\/index.html?ddocname=5VMYVE5VI253VMINF3A3BR3XAM&amp;q=\">parere del Consiglio di Stato<\/a> (il n. 2052, reso dalla Commissione speciale di Palazzo Spada il 20 agosto 2018) che arretra il potenziale di una nuova stagione di collaborazione fra pubblica amministrazione e enti del terzo settore indicando \u2013 con piglio conservativo &#8211; l\u2019unica via della gara d\u2019appalto. Ora la risposta: una mobilitazione, confluita in un documento, promosso dal \u201cClub degli amici dell\u2019articolo 55\u201d (nato ben prima del parere contestato, a dimostrazione delle speranze riposte nella riforma) e con cui giuristi, economisti, ricercatori ed esperti chiedono una correzione delle incongruenze e delle mancanze espresse dalla giustizia amministrativa. Obiettivo: esortare l\u2019Autorit\u00e0 nazionale anticorruzione (ANAC) ad aggiornare le proprie Linee Guida nel rispetto (reale) del diritto e delle specificit\u00e0 del terzo settore.<\/p>\n<p><!--more--><\/p>\n<p>\u201cIn generale \u2013 recita il documento &#8211; l\u2019affermata primazia del diritto euro-unitario sul diritto interno appare particolarmente incongrua perch\u00e9 ancorata, con incomprensibile certezza, a una visione mercantilistica, declinata esclusivamente sul principio di tutela della concorrenza, finendo per imporre quest\u2019ultimo anche alle forme di collaborazione tra organismi pubblici e privati che perseguono obiettivi simili se non coincidenti\u201d. Ma soprattutto non si tiene conto di un altro basilare principio comunitario, quello solidaristico, che trova la sua espressione proprio nella direttiva n.24\/2014, recepita con il d.lgs.n.50\/2016. Tale disposizione, infatti, non impone alcun obbligo agli Stati membri di adottare misure pro-concorrenziali in tutti i settori.<\/p>\n<p>\u201cLa visione che individua l\u2019unico strumento relazionale nel contratto d\u2019appalto, secondo la logica della competitivit\u00e0, da un lato priva la pubblica amministrazione dell\u2019apporto originale che pu\u00f2 essere fornito dagli enti inseriti in un procedimento di collaborazione, ma soprattutto la priva della possibilit\u00e0 di conseguire risparmi di spesa derivanti dall\u2019apporto materiale degli enti medesimi all\u2019implementazione degli interventi, con conseguente lesione di un altro principio di rilevanza eurounitaria, la tutela degli equilibri di bilancio, recepito negli articoli 81, 97 e 119 Cost\u201d, si argomenta ancora nel documento.<\/p>\n<p>Considerazioni che evidenziano la necessit\u00e0 di distinguere fra l\u2019evidenza pubblica propria delle procedure disciplinate dal Codice dei contratti pubblici e l\u2019evidenza pubblica propria dell\u2019affidamento dei servizi, secondo modalit\u00e0 diverse dall\u2019appalto e dalla concessione, ma comunque rispettose dei principi di trasparenza, pubblicit\u00e0 e di parit\u00e0 di trattamento.<\/p>\n<p>Ci\u00f2 che si vuole palesare \u00e8 il vizio di fondo: non c\u2019\u00e8 una gara fra contendenti, da una parte, e stazione appaltante, dall\u2019altra, bens\u00ec l\u2019attivazione di un partenariato collaborativo tra soggetti con obiettivi simili e in cui tutti apportano proprie risorse. Nel rispetto, s\u2019intende, di una o pi\u00f9 attivit\u00e0 di interesse generale, quindi non lucrative. Emerge cos\u00ec, scrivono i firmatari, \u201cun autonomo e solido fondamento costituzionale degli istituti disciplinati dal Titolo VII del Codice del Terzo settore, distinto da quello del Codice dei contratti pubblici\u201d.<\/p>\n<p>Ma la svista pu\u00f2 essere corretta, riabilitando una specificit\u00e0 \u2013 quella degli enti del terzo settore \u2013 oggi a rischio appiattimento. \u201cL\u2019aggiornamento da parte dell\u2019ANAC delle proprie Linee Guida n. 32\/2016 sugli affidamenti agli enti di Terzo settore \u2013 \u00e8 la chiosa del documento &#8211; rappresenta una prima occasione decisiva affinch\u00e9 il diritto del terzo settore sia davvero preso sul serio\u201d.<\/p>\n<h3><a href=\"https:\/\/euricse.eu\/wp-content\/uploads\/2019\/02\/Il-diritto-del-Terzo-Settore-preso-sul-serio-Club55-1.pdf\">Il diritto del Terzo Settore preso sul serio &#8211; Club55<\/a>: il documento integrale<\/h3>\n<p><strong>Per aderire \u00e8 disponibile un <a href=\"https:\/\/goo.gl\/forms\/KmtJdAEexIeBhfLp2\">form online<\/a><\/strong><\/p>\n<p><strong><a href=\"http:\/\/www.co-blu.it\/index.php\/amministrazione-collaborativa-dopo-il-parere-del-consiglio-di-stato\/\">Qui<\/a> la sintesi degli ultimi mesi<\/strong><\/p>\n<p>&nbsp;<\/p>\n<p><strong>I promotori<\/strong><\/p>\n<p>Il club degli Amici dell\u2019articolo 55 del Codice del Terzo Settore nasce nel luglio 2018 per promuovere una riflessione approfondita sugli artt. 55, 56 e 57 del Codice, ritenendo che il Codice nel suo insieme e l\u2019art. 55 in particolare rappresentino la legittimazione anche sul piano legislativo dell\u2019amministrazione condivisa, un modello amministrativo fondato sulla collaborazione fra cittadini e fra cittadini e pubbliche amministrazioni.La mobilitazione di oggi \u00e8 quindi conseguenza di tale impegno e si fonda sulla preoccupazione che l\u2019effetto dissuasivo del parere del Consiglio di Stato sia tale da vanificare la portata innovativa delle nuove disposizioni legislative.<\/p>\n<p><em>Elenco in aggiornamento<\/em><\/p>\n<p><strong>I primi firmatari<\/strong><\/p>\n<p>Gregorio Arena, Felice Scalvini, Pasquale Bonasora, Carlo Borzaga, Antonio Fici, Fabio Giglioni, Luca Gori, Giangiorgio Macdonald, Gianfranco Marocchi, Silvia Pellizzari, Emanuele Rossi, Elisabetta Salvatorelli, Gianluca Salvatori, Gabriele Sepio, Ettore Vittorio Uccellini.<\/p>\n<p><strong>I firmatari del mondo accademico<\/strong><\/p>\n<p>Marco Musella (Universit\u00e0 di Napoli Federico II)<br \/>\nMichele Mosca (Universit\u00e0 di Napooi Federico II)<br \/>\nGiancarlo Provasi (Universit\u00e0 degli studi di Brescia)<br \/>\nMarco Bombardelli (Universit\u00e0 degli Studi di Trento)<br \/>\nLuca Fazzi (Universit\u00e0 di Trento)<br \/>\nStefano Zamagni (Universit\u00e0 di Bologna)<br \/>\nLuca Piccoli (Universit\u00e0 di Trento)<br \/>\nSilvia Sacchetti (Universit\u00e0 di Trento)<br \/>\nGiuseppe Moro, professore Ordinario Di Sociologia. Direttore Del Dipartimento Di Scienze Politiche<br \/>\nUniversit\u00e0 Degli Studi Di Bari Aldo Moro<br \/>\nNunzia Nappo (Universit\u00e0 degli Studi di Napoli Federico II)<br \/>\nGiancarlo Ragozini (Universit\u00e0 degli Studi di Napoli Federico II)<br \/>\nIvo Colozzi (Universit\u00e0 di Bologna)<br \/>\nManolita Francesca (Dipartimento Scienze giuridiche \u2013 Unisalento)<br \/>\nAndrea Bassi (Universit\u00e0 di Bologna)<br \/>\nPierpaolo Donati (Universit\u00e0 di Bologna)<br \/>\nMarina Albanese (Universit\u00e0 degli Studi di Napoli Federico II)<br \/>\nCarlo Pennisi (Universit\u00e0 di Catania)<br \/>\nVincenzo Tondi Della Mura (Universit\u00e0 del Salento)<br \/>\nCristiano Gori (Universit\u00e0 di Trento)<br \/>\nRoberta Guido (Universit\u00e0 degli studi di Sassari)<br \/>\nPietro D\u2019Argento<br \/>\nAndrea Cuccia (Universit\u00e0 degli studi di Palermo)<br \/>\nMarianella Sclavi<br \/>\nRenato Briganti (Universit\u00e0 di Napoli \u00abFederico II\u00bb)<br \/>\nPier Angelo Mori (Universit\u00e0 degli studi di Firenze)<\/p>\n<p>&nbsp;<\/p>\n<p><strong>Organizzazioni, enti, categorie<\/strong><\/p>\n<p>Francesca Chiavacci, presidente nazionale ARCI<br \/>\nAnna Maria Candela, dirigente Sezione Inclusione sociale attiva e innovazione reti sociali, Regione Puglia<br \/>\nVito Intino, portavoce Forum Terzo Settore Puglia<br \/>\nMarco Gargiulo, presidente Consorzio Idee In Rete<br \/>\nLuigi Piccoli, presidente Consorzio Leonardo di Pordenone<br \/>\nDario Parisini, presidente Interland Consorzio<br \/>\nLucia Quaglino<br \/>\nGiovanni Stiz, presidente Seneca srl<br \/>\nAdriano Mione, funzionario<br \/>\nAngelo Filipponi, presidente COM.I.L. Cooperativa Sociale Onlus<br \/>\nCO.M.UNI.CO. Consorzio Sociale S.C.<br \/>\nRoberto Frullini, presidente Grafica &amp; Infoservice scs<br \/>\nGian Mario Boschiroli, segretario Spi Cgil Lega di Seregno<br \/>\nStefano Maines, Ufficio legislativo e studi- Federazione Trentina Della Cooperazione<br \/>\nClaudio Tamburini, avvocato<br \/>\nFabio Ganassin, Cooperativa Servizi All&#8217;Autogestione S.C.<br \/>\nGianni Zulian, Consulente<br \/>\nCsa Centro Servizi Impresa Sociale<br \/>\nCiro Maisto, Cooperativa sociale Osiride<br \/>\nSalvatore Cicero, responsabile dipartimenti tematici<br \/>\nAcu Marche<br \/>\nAndrea Bernardoni, Legacoopsociali<br \/>\nGiuseppe Fiolo, dirigente Capp cooperativa sociale<br \/>\nCarla Roncolato, Legale Rappresentante Ephedra s.c.s.<br \/>\nPasquale Scarnera, cooperativa sociale &#8220;Questa Citt\u00e0&#8221; di Gravina in Puglia (BA)<br \/>\nFabrizio Pregliasco, presidente nazionale Associazione nazionale pubbliche assistenze ANPAS<br \/>\nCarlo Martello, presidente Confcooperative Taranto<br \/>\nLuigino Vallet, presidente Fondazione Comunitaria della Valle d&#8217;Aosta<br \/>\nPaolo Calosso, presidente Consorzio Trait d&#8217;Union<br \/>\nGianluigi Sobacchi, Fondazione Sodalitas<br \/>\nElena Taverna, Project Manager Labsus<br \/>\nGabriella Sacchetti, sociologa referente attivit\u00e0 inclusione SFL prospettive societ\u00e0 cooperativa sociale srl<br \/>\nEmilio Mastroianni, Istituto di Cultura Politica Sen. Giuseppe. Petronio<br \/>\nFrancesco Amati, presidente Associazione STUDIO LEGALE NEL SOCIALE<br \/>\nGabriella Noto, presidente Associazione Napoletana per l&#8217;economia Circolare (ASSONEC)<br \/>\nGino Turrinelli, socio volontario Sodalitas<br \/>\nPatrizia Ferrari, volontario Fondazione sidalitas<br \/>\nLuisa Trione, presidente Consiglio di amministrazione<br \/>\nEnAIP Valle d&#8217;Aosta<br \/>\nSerenella Cipriani, presidente ConSolida scs Trento<br \/>\nDavide Borin, responsabile IT CSV Venezia<br \/>\nLiliana Giuliani, direttrice Gruppo 78 s.c.s.<br \/>\nValeria Negrini, presidente Confcooperative &#8211; Federsolidariet\u00e0 Lombardia<br \/>\nForum Terzo Settore Lombardia<br \/>\nJeanpaul Frassy, portavoce Forum Terzo Settore Valle d&#8217;Aosta<br \/>\nBernadette Cappelletta, presidente Aps CELESTE<br \/>\nWalter Lazzarotto<br \/>\nMaria Lurini, sociologa<br \/>\nMaria Lurini, presidente OdV CDS A.M.A. Maddaloni<br \/>\nMarco Tirabosco, Consigliere Nazionale Federsolidariet\u00e0 Confcooperative<br \/>\nGiuseppe Guerini, presidente CECOP Cicopa Europa<br \/>\nGianluigi Granero, Coordinatore Legacoop Liguria<br \/>\nEmanuela Maggio, Centro Culturale di Milano<br \/>\nValeria Albertini, Provincia Autonoma di Trento<br \/>\nFabio, Bazzanella, impiegato<br \/>\nSergio Silvotti, presidente \u2013 segretario ASC Lombardia &#8211; Forum del Terzo Settore &#8211; Lombardia<br \/>\nVittorio Sammarco, giornalista, C3dem<br \/>\nRiccardo Jacquemod, portavoce Forum del Terzo Settore della Valle d&#8217;Aosta<br \/>\nOscar Kiesswetter, SOPHIA coop di ricerca sull&#8217;innovazione sociale &#8211; Bolzano<br \/>\nRossana Caselli, sociologa, Labsus<br \/>\nGiuseppina Cazzaniga, Attivamontesacro<br \/>\nAdriano Mione, Banca Etica<br \/>\nElisabetta Fossati, presidente Regionale, Anteas Lombardia Odv<br \/>\nSerena Paolucci<br \/>\nAntonio Leomanni, presidente Coop. Sociale onlus DistrettofamigliehInrete<br \/>\nMario Moschetti<br \/>\nFabrizio Pedretti, presidente Agriverde Soc. Cooperativa Sociale<br \/>\nLuca Lattuada, responsabile educativo Associazione Famiglie Sindrome di Williams &#8211; Onlus<br \/>\nClarisa Francisco, legale Rappresentante Cooperativa Sociale Kratos<br \/>\nAnna Lisa Lelli, Regione Umbria<br \/>\nRiccardo De Facci, presidente nazionale Coordinamento Nazionale Comunit\u00e0 di Accoglienza (CNCA)<br \/>\nMarco Carniani, presidente associazione Il Pettirosso<br \/>\nRiccardo Bodini, direttore EURICSE<br \/>\nIlario Moreschi, vicepresidente A.N.P.AS.<br \/>\nLuciano Ricci, responsabile Reti territoriali Consorzio Arcobaleno Crema<br \/>\nGiovanna Cosenz, avvocato<br \/>\nGianfranco Lamperini, presidente Consiglio Nazionale Ancescao<br \/>\nEnzo Costa, presidente nazionale Auser<br \/>\nGraziella Fiorucci, presidente \u201cAmici di Galiana\u201d onlus<br \/>\nVincenzo Martinelli, presidente CNCA Lucano<br \/>\nPippo Di Natale, portavoce Forum Terzo Settore Sicilia<br \/>\nGregory Brunello, legale rappresentante<br \/>\nLa Locomotiva Cooperativa Sociale Onlus<br \/>\nRosanna D&#8217;Amore, dottore Commercialista<br \/>\nMarco Traversi, presidente Project Ahead<br \/>\nUrban Nothdurfter, assistente sociale Libera Univerist\u00e0 di Bolzano<br \/>\nFrancesca Costenaro, educatrice<br \/>\nLucia Marcon, educatore<br \/>\nEmilia Spreafico, presidente Associazione Anteas<br \/>\nPaolo Pigliacelli, Impiegato<br \/>\nMaddalena Tagliabue, avvocato<br \/>\nMarco Brunod, Consulente Libero professionista<br \/>\nDaniela D&#8217;Arpini, referente nazionale forum terzo settore ANCeSCAO A.P.S<br \/>\nAntonia Renzullo, socia G.a.s. Mether Gh\u00e9<br \/>\nLuca Fontana, presidente Confcooperative Federsolidariet\u00e0 FVG<br \/>\nAlice Belotti, educatore Cooperativa Sociale Adelante ONLUS<br \/>\nPaolo Balli, direttore Cesvot &#8211; Centro Servizi Volontariato Toscana<br \/>\nMassimo Magnoni, Consigliere procuratore Fondazione Magnoni<br \/>\nFlavia Narducci, Consulente aziendale &#8211; Facilitatore<br \/>\nRoberto Cun\u00e9az, Impiegato<br \/>\nElisa Cionchetti, progettista Polo societ\u00e0 cooperativa sociale<br \/>\nRaffaele Benvenuti, educatore<br \/>\nFabio Cecconi, volontario Lilt<br \/>\nGabriele Galbiati, portavoce Forum Terzo settore Monza e Brianza<br \/>\nFabrizio Chetr\u00ec, direttore Cefas<br \/>\nTiziano Pesce, vicepresidente nazionale UISP<br \/>\nJean Frassy, portavoce Forum Terzo Settore Valle d&#8217;Aosta<br \/>\nGiuseppe Critelli, responsabile scientifico progetti europei Azienda Calabria Lavoro &#8211; Regione Calabria<br \/>\nGennaro Ungolo, presidente associazione Palazzo Arte Cultura<br \/>\nMassimiliano Salfi, psicologo Cri<br \/>\nMarisa Ferrar, Cittadina attiva<br \/>\nLuca Mazzon, presidente L&#8217;Incontro Cooperativa Sociale<br \/>\nMarco Pietripaoli, presidente Azienda speciale Consorzio Desio Brianza<br \/>\nFrancesca Rossin, Vice presidente Cooperativa sociale LaFucina<br \/>\nChiara Mattevi, assistente sociale<br \/>\nEnzo Continisio<br \/>\nPalma Silvestri, Legale rappresentante La Rada Consorzio di Cooperative Sociali S.C.S.<br \/>\nGiuseppe Mattina, assessore Comune di Palermo<br \/>\nAndrea Caccia, operatore sociale Villaggio Globale cooperativa sociale<br \/>\nEdvige Invernici, presidente Forum delle associazioni di volontariato sociosanitario bergamasche<br \/>\nFrancesco Fittipaldi, Responsabile Settori Informativi SABAP-BAS MiBAC<br \/>\nRiccardo Mariani, Assessore al Welfare, Comune di Lecco<br \/>\nBarbara Graglia, project manager<br \/>\nLabins -Laboratorio d\u2019Innovazione Sociale<br \/>\nJoya Zanatta, educatore<br \/>\nCooperativa Adelante<br \/>\nLaura Zambrini, Progettista<br \/>\nEnrico Ribon, impiegato<br \/>\nSilvia Peretto, responsabile progetti sociali CSV Ferrara<br \/>\nAnna Zonari, Impiegata<br \/>\nLaura Roncagli, presidente odv Agire sociale<br \/>\nGiovanni Ricci, educatore<br \/>\nFabio Faccini, presidente Consorzio Solidariet\u00e0 Sociale di Parma<br \/>\nGiuseppe Garsi, presidente IL CIOTTOLO Cooperativa Sociale &#8211; ONLUS<br \/>\nGianluca Agoletti, presidente Cooperativa Sociale Il Giardino<br \/>\nTavani Maria Stefania, presidente Eide&#8217; Soc.Coop. Sociale Onlus<br \/>\nMichele Ferrari, educatore Professionale<br \/>\nMario Andrea Conti, amministratore impresa sociale Soc. Coop. Cantieri di Innovazione Sociale<br \/>\nEugenio de Crescenzo, presidente AGCI Lazio Solidarieta<br \/>\nSilvia Pulvirenti, responsabile progettazione e sviluppo<br \/>\nEdoardo Barbarossa, presidente Fondazione Ebbene<br \/>\nMarco Costanzo<br \/>\nGiancarlo Cacciapuoti, direttore Consorzio SOL.CO.Napoli<br \/>\nRosanba Nontani, Associazione Comunita&#8217; Papa Giovanni XXIII<br \/>\nGiuseppina Dossena, insegnante<br \/>\nCristiano Di Francia, formatore il Grande Carro Cooperativa Sociale<br \/>\nFabio Fraiese D&#8217;amato, consulente enti non profit<br \/>\nSonia Benvenuto, pperatore sviluppo locale<br \/>\nEmanuele Cirignotta, rappresenta legale Cooperativa sociale Metaeuropa<br \/>\nJoele Risaliti, presidente Associazione Fiera di San Luca Impruneta<br \/>\nRosario Ceraolo, direttore CSV Messina Centro Servizio per il volontariato di Messina<br \/>\nGianni Zillante, funzionario Pubblico Consorzio Servizi Sociali<br \/>\nMichele Docimo, presidente pro tempore Migr-Azioni aps ETS<br \/>\nBeatrice Taddei Saltini Operatrice Sociale Atas Onlus<br \/>\nAnna Bonaduce, consulente<\/p>\n<p>&nbsp;<\/p>\n<h3><strong><a href=\"https:\/\/euricse.eu\/wp-content\/uploads\/2019\/02\/FIRMATARI-art-55.pdf\">Qui l&#8217;elenco dei firmatari<\/a><\/strong><\/h3>\n<p>&nbsp;<\/p>\n","protected":false},"excerpt":{"rendered":"<p>Coprogettazione e coprogrammazione, lettera aperta all\u2019ANAC Docenti e studiosi firmano il documento partito dal \u201cClub dell\u2019articolo 55\u201d &nbsp; Prima l\u2019entusiasmo, acceso con l\u2019introduzione nel Codice del terzo settore di una pi\u00f9 ampia gamma di strumenti per coprogettare, coprogrammare e gestire in convenzionamento servizi di interesse generale; applicando con coerenza il principio di sussidiariet\u00e0. Poi lo [&hellip;]<\/p>\n","protected":false},"author":30,"featured_media":8218,"comment_status":"open","ping_status":"closed","sticky":false,"template":"","format":"standard","meta":{"_acf_changed":false,"episode_type":"","audio_file":"","cover_image":"","cover_image_id":"","duration":"","filesize":"","date_recorded":"","explicit":"","block":"","itunes_episode_number":"","itunes_title":"","itunes_season_number":"","itunes_episode_type":"","filesize_raw":"","footnotes":""},"categories":[17],"tags":[404,658],"class_list":["post-8217","post","type-post","status-publish","format-standard","has-post-thumbnail","hentry","category-news-it","tag-riforma-del-terzo-settore","tag-coprogettazione"],"acf":[],"yoast_head":"<!-- This site is optimized with the Yoast SEO plugin v26.1.1 - https:\/\/yoast.com\/wordpress\/plugins\/seo\/ -->\n<title>Codice del Terzo settore, un invito a rimeditare le posizioni del Consiglio di Stato - Euricse<\/title>\n<meta name=\"robots\" content=\"index, follow, max-snippet:-1, max-image-preview:large, max-video-preview:-1\" \/>\n<link rel=\"canonical\" href=\"https:\/\/euricse.eu\/it\/codice-del-terzo-settore-rimeditare-le-posizioni-del-consiglio-di-stato\/\" \/>\n<meta property=\"og:locale\" content=\"it_IT\" \/>\n<meta property=\"og:type\" content=\"article\" \/>\n<meta property=\"og:title\" content=\"Codice del Terzo settore, un invito a rimeditare le posizioni del Consiglio di Stato - Euricse\" \/>\n<meta property=\"og:description\" content=\"Coprogettazione e coprogrammazione, lettera aperta all\u2019ANAC Docenti e studiosi firmano il documento partito dal \u201cClub dell\u2019articolo 55\u201d &nbsp; Prima l\u2019entusiasmo, acceso con l\u2019introduzione nel Codice del terzo settore di una pi\u00f9 ampia gamma di strumenti per coprogettare, coprogrammare e gestire in convenzionamento servizi di interesse generale; applicando con coerenza il principio di sussidiariet\u00e0. Poi lo [&hellip;]\" \/>\n<meta property=\"og:url\" content=\"https:\/\/euricse.eu\/it\/codice-del-terzo-settore-rimeditare-le-posizioni-del-consiglio-di-stato\/\" \/>\n<meta property=\"og:site_name\" content=\"Euricse\" \/>\n<meta property=\"article:published_time\" content=\"2019-02-11T09:08:21+00:00\" \/>\n<meta property=\"article:modified_time\" content=\"2019-03-28T09:59:11+00:00\" \/>\n<meta property=\"og:image\" content=\"https:\/\/euricse.eu\/wp-content\/uploads\/2019\/02\/art-gmb-hockney-david-a-bigger-picture-2011.jpg\" \/>\n\t<meta property=\"og:image:width\" content=\"4887\" \/>\n\t<meta property=\"og:image:height\" content=\"1836\" \/>\n\t<meta property=\"og:image:type\" content=\"image\/jpeg\" \/>\n<meta name=\"author\" content=\"redazione\" \/>\n<meta name=\"twitter:card\" content=\"summary_large_image\" \/>\n<meta name=\"twitter:label1\" content=\"Scritto da\" \/>\n\t<meta name=\"twitter:data1\" content=\"redazione\" \/>\n\t<meta name=\"twitter:label2\" content=\"Tempo di lettura stimato\" \/>\n\t<meta name=\"twitter:data2\" content=\"9 minuti\" \/>\n<script type=\"application\/ld+json\" class=\"yoast-schema-graph\">{\"@context\":\"https:\/\/schema.org\",\"@graph\":[{\"@type\":\"WebPage\",\"@id\":\"https:\/\/euricse.eu\/it\/codice-del-terzo-settore-rimeditare-le-posizioni-del-consiglio-di-stato\/\",\"url\":\"https:\/\/euricse.eu\/it\/codice-del-terzo-settore-rimeditare-le-posizioni-del-consiglio-di-stato\/\",\"name\":\"Codice del Terzo settore, un invito a rimeditare le posizioni del Consiglio di Stato - Euricse\",\"isPartOf\":{\"@id\":\"https:\/\/euricse.eu\/en\/#website\"},\"primaryImageOfPage\":{\"@id\":\"https:\/\/euricse.eu\/it\/codice-del-terzo-settore-rimeditare-le-posizioni-del-consiglio-di-stato\/#primaryimage\"},\"image\":{\"@id\":\"https:\/\/euricse.eu\/it\/codice-del-terzo-settore-rimeditare-le-posizioni-del-consiglio-di-stato\/#primaryimage\"},\"thumbnailUrl\":\"https:\/\/euricse.eu\/wp-content\/uploads\/2019\/02\/art-gmb-hockney-david-a-bigger-picture-2011.jpg\",\"datePublished\":\"2019-02-11T09:08:21+00:00\",\"dateModified\":\"2019-03-28T09:59:11+00:00\",\"author\":{\"@id\":\"https:\/\/euricse.eu\/en\/#\/schema\/person\/46be9426d76e3114ba478b69f3d8040b\"},\"breadcrumb\":{\"@id\":\"https:\/\/euricse.eu\/it\/codice-del-terzo-settore-rimeditare-le-posizioni-del-consiglio-di-stato\/#breadcrumb\"},\"inLanguage\":\"it-IT\",\"potentialAction\":[{\"@type\":\"ReadAction\",\"target\":[\"https:\/\/euricse.eu\/it\/codice-del-terzo-settore-rimeditare-le-posizioni-del-consiglio-di-stato\/\"]}]},{\"@type\":\"ImageObject\",\"inLanguage\":\"it-IT\",\"@id\":\"https:\/\/euricse.eu\/it\/codice-del-terzo-settore-rimeditare-le-posizioni-del-consiglio-di-stato\/#primaryimage\",\"url\":\"https:\/\/euricse.eu\/wp-content\/uploads\/2019\/02\/art-gmb-hockney-david-a-bigger-picture-2011.jpg\",\"contentUrl\":\"https:\/\/euricse.eu\/wp-content\/uploads\/2019\/02\/art-gmb-hockney-david-a-bigger-picture-2011.jpg\",\"width\":4887,\"height\":1836,\"caption\":\"Key. 153.01 David Hockney The Arrival of Spring in Woldgate, East Yorkshire in 2011 (twenty eleven) Oil on 32 canvases (each 91.4 x 121.9 cm), 365.8 x 975.4 cm; one of a 52-part work Courtesy of the artist Copyright David Hockney Photo credit: Jonathan Wilkinson Exhibition organised by the Royal Academy of Arts, London in collaboration with the Guggenheim Museum, Bilbao and the Museum Ludwig, Cologne\"},{\"@type\":\"BreadcrumbList\",\"@id\":\"https:\/\/euricse.eu\/it\/codice-del-terzo-settore-rimeditare-le-posizioni-del-consiglio-di-stato\/#breadcrumb\",\"itemListElement\":[{\"@type\":\"ListItem\",\"position\":1,\"name\":\"Home\",\"item\":\"https:\/\/euricse.eu\/it\/\"},{\"@type\":\"ListItem\",\"position\":2,\"name\":\"Codice del Terzo settore, un invito a rimeditare le posizioni del Consiglio di Stato\"}]},{\"@type\":\"WebSite\",\"@id\":\"https:\/\/euricse.eu\/en\/#website\",\"url\":\"https:\/\/euricse.eu\/en\/\",\"name\":\"Euricse\",\"description\":\"Knowledge and innovation for cooperative and social enterprises.\",\"potentialAction\":[{\"@type\":\"SearchAction\",\"target\":{\"@type\":\"EntryPoint\",\"urlTemplate\":\"https:\/\/euricse.eu\/en\/?s={search_term_string}\"},\"query-input\":{\"@type\":\"PropertyValueSpecification\",\"valueRequired\":true,\"valueName\":\"search_term_string\"}}],\"inLanguage\":\"it-IT\"},{\"@type\":\"Person\",\"@id\":\"https:\/\/euricse.eu\/en\/#\/schema\/person\/46be9426d76e3114ba478b69f3d8040b\",\"name\":\"redazione\",\"image\":{\"@type\":\"ImageObject\",\"inLanguage\":\"it-IT\",\"@id\":\"https:\/\/euricse.eu\/en\/#\/schema\/person\/image\/\",\"url\":\"https:\/\/secure.gravatar.com\/avatar\/d1e5fb76fa001722a0822f32de0a8935d9c7a01b0f055f16dc71df73252c3c50?s=96&d=mm&r=g\",\"contentUrl\":\"https:\/\/secure.gravatar.com\/avatar\/d1e5fb76fa001722a0822f32de0a8935d9c7a01b0f055f16dc71df73252c3c50?s=96&d=mm&r=g\",\"caption\":\"redazione\"},\"url\":\"https:\/\/euricse.eu\/it\/author\/marikadmin\/\"}]}<\/script>\n<!-- \/ Yoast SEO plugin. -->","yoast_head_json":{"title":"Codice del Terzo settore, un invito a rimeditare le posizioni del Consiglio di Stato - Euricse","robots":{"index":"index","follow":"follow","max-snippet":"max-snippet:-1","max-image-preview":"max-image-preview:large","max-video-preview":"max-video-preview:-1"},"canonical":"https:\/\/euricse.eu\/it\/codice-del-terzo-settore-rimeditare-le-posizioni-del-consiglio-di-stato\/","og_locale":"it_IT","og_type":"article","og_title":"Codice del Terzo settore, un invito a rimeditare le posizioni del Consiglio di Stato - Euricse","og_description":"Coprogettazione e coprogrammazione, lettera aperta all\u2019ANAC Docenti e studiosi firmano il documento partito dal \u201cClub dell\u2019articolo 55\u201d &nbsp; Prima l\u2019entusiasmo, acceso con l\u2019introduzione nel Codice del terzo settore di una pi\u00f9 ampia gamma di strumenti per coprogettare, coprogrammare e gestire in convenzionamento servizi di interesse generale; applicando con coerenza il principio di sussidiariet\u00e0. Poi lo [&hellip;]","og_url":"https:\/\/euricse.eu\/it\/codice-del-terzo-settore-rimeditare-le-posizioni-del-consiglio-di-stato\/","og_site_name":"Euricse","article_published_time":"2019-02-11T09:08:21+00:00","article_modified_time":"2019-03-28T09:59:11+00:00","og_image":[{"width":4887,"height":1836,"url":"https:\/\/euricse.eu\/wp-content\/uploads\/2019\/02\/art-gmb-hockney-david-a-bigger-picture-2011.jpg","type":"image\/jpeg"}],"author":"redazione","twitter_card":"summary_large_image","twitter_misc":{"Scritto da":"redazione","Tempo di lettura stimato":"9 minuti"},"schema":{"@context":"https:\/\/schema.org","@graph":[{"@type":"WebPage","@id":"https:\/\/euricse.eu\/it\/codice-del-terzo-settore-rimeditare-le-posizioni-del-consiglio-di-stato\/","url":"https:\/\/euricse.eu\/it\/codice-del-terzo-settore-rimeditare-le-posizioni-del-consiglio-di-stato\/","name":"Codice del Terzo settore, un invito a rimeditare le posizioni del Consiglio di Stato - Euricse","isPartOf":{"@id":"https:\/\/euricse.eu\/en\/#website"},"primaryImageOfPage":{"@id":"https:\/\/euricse.eu\/it\/codice-del-terzo-settore-rimeditare-le-posizioni-del-consiglio-di-stato\/#primaryimage"},"image":{"@id":"https:\/\/euricse.eu\/it\/codice-del-terzo-settore-rimeditare-le-posizioni-del-consiglio-di-stato\/#primaryimage"},"thumbnailUrl":"https:\/\/euricse.eu\/wp-content\/uploads\/2019\/02\/art-gmb-hockney-david-a-bigger-picture-2011.jpg","datePublished":"2019-02-11T09:08:21+00:00","dateModified":"2019-03-28T09:59:11+00:00","author":{"@id":"https:\/\/euricse.eu\/en\/#\/schema\/person\/46be9426d76e3114ba478b69f3d8040b"},"breadcrumb":{"@id":"https:\/\/euricse.eu\/it\/codice-del-terzo-settore-rimeditare-le-posizioni-del-consiglio-di-stato\/#breadcrumb"},"inLanguage":"it-IT","potentialAction":[{"@type":"ReadAction","target":["https:\/\/euricse.eu\/it\/codice-del-terzo-settore-rimeditare-le-posizioni-del-consiglio-di-stato\/"]}]},{"@type":"ImageObject","inLanguage":"it-IT","@id":"https:\/\/euricse.eu\/it\/codice-del-terzo-settore-rimeditare-le-posizioni-del-consiglio-di-stato\/#primaryimage","url":"https:\/\/euricse.eu\/wp-content\/uploads\/2019\/02\/art-gmb-hockney-david-a-bigger-picture-2011.jpg","contentUrl":"https:\/\/euricse.eu\/wp-content\/uploads\/2019\/02\/art-gmb-hockney-david-a-bigger-picture-2011.jpg","width":4887,"height":1836,"caption":"Key. 153.01 David Hockney The Arrival of Spring in Woldgate, East Yorkshire in 2011 (twenty eleven) Oil on 32 canvases (each 91.4 x 121.9 cm), 365.8 x 975.4 cm; one of a 52-part work Courtesy of the artist Copyright David Hockney Photo credit: Jonathan Wilkinson Exhibition organised by the Royal Academy of Arts, London in collaboration with the Guggenheim Museum, Bilbao and the Museum Ludwig, Cologne"},{"@type":"BreadcrumbList","@id":"https:\/\/euricse.eu\/it\/codice-del-terzo-settore-rimeditare-le-posizioni-del-consiglio-di-stato\/#breadcrumb","itemListElement":[{"@type":"ListItem","position":1,"name":"Home","item":"https:\/\/euricse.eu\/it\/"},{"@type":"ListItem","position":2,"name":"Codice del Terzo settore, un invito a rimeditare le posizioni del Consiglio di Stato"}]},{"@type":"WebSite","@id":"https:\/\/euricse.eu\/en\/#website","url":"https:\/\/euricse.eu\/en\/","name":"Euricse","description":"Knowledge and innovation for cooperative and social enterprises.","potentialAction":[{"@type":"SearchAction","target":{"@type":"EntryPoint","urlTemplate":"https:\/\/euricse.eu\/en\/?s={search_term_string}"},"query-input":{"@type":"PropertyValueSpecification","valueRequired":true,"valueName":"search_term_string"}}],"inLanguage":"it-IT"},{"@type":"Person","@id":"https:\/\/euricse.eu\/en\/#\/schema\/person\/46be9426d76e3114ba478b69f3d8040b","name":"redazione","image":{"@type":"ImageObject","inLanguage":"it-IT","@id":"https:\/\/euricse.eu\/en\/#\/schema\/person\/image\/","url":"https:\/\/secure.gravatar.com\/avatar\/d1e5fb76fa001722a0822f32de0a8935d9c7a01b0f055f16dc71df73252c3c50?s=96&d=mm&r=g","contentUrl":"https:\/\/secure.gravatar.com\/avatar\/d1e5fb76fa001722a0822f32de0a8935d9c7a01b0f055f16dc71df73252c3c50?s=96&d=mm&r=g","caption":"redazione"},"url":"https:\/\/euricse.eu\/it\/author\/marikadmin\/"}]}},"_links":{"self":[{"href":"https:\/\/euricse.eu\/it\/wp-json\/wp\/v2\/posts\/8217","targetHints":{"allow":["GET"]}}],"collection":[{"href":"https:\/\/euricse.eu\/it\/wp-json\/wp\/v2\/posts"}],"about":[{"href":"https:\/\/euricse.eu\/it\/wp-json\/wp\/v2\/types\/post"}],"author":[{"embeddable":true,"href":"https:\/\/euricse.eu\/it\/wp-json\/wp\/v2\/users\/30"}],"replies":[{"embeddable":true,"href":"https:\/\/euricse.eu\/it\/wp-json\/wp\/v2\/comments?post=8217"}],"version-history":[{"count":0,"href":"https:\/\/euricse.eu\/it\/wp-json\/wp\/v2\/posts\/8217\/revisions"}],"wp:featuredmedia":[{"embeddable":true,"href":"https:\/\/euricse.eu\/it\/wp-json\/wp\/v2\/media\/8218"}],"wp:attachment":[{"href":"https:\/\/euricse.eu\/it\/wp-json\/wp\/v2\/media?parent=8217"}],"wp:term":[{"taxonomy":"category","embeddable":true,"href":"https:\/\/euricse.eu\/it\/wp-json\/wp\/v2\/categories?post=8217"},{"taxonomy":"post_tag","embeddable":true,"href":"https:\/\/euricse.eu\/it\/wp-json\/wp\/v2\/tags?post=8217"}],"curies":[{"name":"wp","href":"https:\/\/api.w.org\/{rel}","templated":true}]}}