{"id":8337,"date":"2019-03-15T16:05:48","date_gmt":"2019-03-15T16:05:48","guid":{"rendered":"https:\/\/euricse.staging.hgblu.com\/?p=8337"},"modified":"2019-03-15T16:21:37","modified_gmt":"2019-03-15T16:21:37","slug":"impact-in-friuli-venezia-giulia-parte-la-raccolta-delle-adesioni","status":"publish","type":"post","link":"https:\/\/euricse.eu\/it\/impact-in-friuli-venezia-giulia-parte-la-raccolta-delle-adesioni\/","title":{"rendered":"ImpACT in Friuli Venezia Giulia: parte la raccolta delle adesioni"},"content":{"rendered":"<p><em>Bilancio sociale, la metodologia di Euricse per misurare l\u2019impatto sociale ed economico<\/em><\/p>\n<p>La raccolta delle adesioni \u00e8 gi\u00e0 partita e si estender\u00e0 fino al 30 giugno. Federsolidariet\u00e0 Friuli Venezia Giulia e Legacoop Sociali FVG, con il supporto scientifico di Euricse, lanciano l\u2019opportunit\u00e0 per tutte le proprie associate di predisporre il bilancio sociale e sperimentare, cos\u00ec, un prospetto di valutazione dell\u2019impatto sociale ed economico generato sul territorio. Ad essere utilizzata sar\u00e0 la metodologia ImpACT codificata da Euricse, ovvero un processo articolato di rendicontazione e di valorizzazione delle competenze interne alla cooperativa. Un\u2019occasione, dunque, sia per misurare la propria attivit\u00e0 e codificare al meglio le strategie future, sia per rispondere alle istanze della riforma del terzo settore. I criteri di redazione del bilancio sociale sono gi\u00e0 previsti dalla <a href=\"http:\/\/www.regione.fvg.it\/rafvg\/cms\/RAFVG\/economia-imprese\/cooperative\/FOGLIA14\/\">normativa regionale del Friuli Venezia Giulia<\/a>\u00a0e, in definitiva, il documento permette alla cooperativa di rendicontare su responsabilit\u00e0, comportamenti e risultati delle azioni della propria organizzazione verso tutti i portatori d\u2019interesse.<\/p>\n<p><!--more-->Euricse, con il coordinamento della ricercatrice senior <a href=\"https:\/\/euricse.eu\/it\/people\/sara-depedri\/\">Sara Depedri<\/a>, ha sviluppato un metodo di valutazione capace di rispondere alle diverse necessit\u00e0 rendicontative delle imprese sociali. Non solo: ImpACT riepiloga puntualmente alla comunit\u00e0 e alle istituzioni pubbliche le ricadute quantitative e qualitative, l\u2019efficienza e l\u2019efficacia dell\u2019attivit\u00e0 realizzata. Un\u2019operazione di trasparenza, dunque. Il metodo cos\u00ec inteso promuove la valutazione di impatto in un percorso di partecipazione attiva alla valutazione da parte degli stakeholder interessati. Tutti, in altri termini, sono coinvolti. Quanto al funzionamento, per rispondere all\u2019incapacit\u00e0 di uno strumento singolo di rilevare le molteplici possibili ricadute dell\u2019attivit\u00e0, il processo di valutazione si avvale di metodologie eterogenee e complementari. Obiettivo: realizzare un mix di questionari quali-quantitativo indirizzati alle imprese sociali, ai principali stakeholder dell\u2019ente (lavoratori, soci, volontari, utenti e loro famigliari, imprese clienti, operatori della pubblica amministrazione che si relazionano con l\u2019impresa), interviste e analisi documentale dei bilanci delle imprese o organizzazioni interessate.<br \/>\nAd oggi, la strumentazione sviluppata con il metodo \u00e8 stata testata e applicata in diversi territori del Paese (Veneto, Trentino Alto Adige, Friuli Venezia Giulia, su tutti). Ora si apre la possibilit\u00e0 per le imprese sociali del Friuli Venezia Giulia di aderire al processo di valutazione. Pi\u00f9 d\u2019una le ragioni per sottoscrivere la possibilit\u00e0: con il bilancio sociale e con gli indici e gli indicatori della VIS la cooperativa racconta il proprio lavoro sociale; valorizza il capitale sociale, crea maggior consenso e fiducia negli stakeholder interni ed esterni, accompagna i processi di sviluppo e trasformazione mettendo in atto processi partecipativi.<\/p>\n<p>L\u2019adesione al progetto pu\u00f2 essere fatta a partire da venerd\u00ec 15 marzo e fino al 30 giugno. La restituzione del proprio bilancio sociale e prospetto di VIS relativo all\u2019esercizio 2018 seguiranno la data di adesione.<\/p>\n<p><strong>Per aderire \u00e8 sufficiente inviare una mail a federsolidarieta.fvg@confcooperative.it &#8211; m.vogrig@legacoopsociali.it e sarete subito contattati con la proposta operativa.<\/strong><\/p>\n<p><img loading=\"lazy\" decoding=\"async\" class=\"aligncenter wp-image-8338 size-thumbnail\" src=\"https:\/\/euricse.eu\/wp-content\/uploads\/2019\/03\/f1_loghi_impact_kf-01-560x400.png\" alt=\"\" width=\"560\" height=\"400\" srcset=\"https:\/\/euricse.eu\/wp-content\/uploads\/2019\/03\/f1_loghi_impact_kf-01-560x400.png 560w, https:\/\/euricse.eu\/wp-content\/uploads\/2019\/03\/f1_loghi_impact_kf-01-300x214.png 300w, https:\/\/euricse.eu\/wp-content\/uploads\/2019\/03\/f1_loghi_impact_kf-01-768x549.png 768w, https:\/\/euricse.eu\/wp-content\/uploads\/2019\/03\/f1_loghi_impact_kf-01-1024x731.png 1024w\" sizes=\"auto, (max-width: 560px) 100vw, 560px\" \/><\/p>\n","protected":false},"excerpt":{"rendered":"<p>Bilancio sociale, la metodologia di Euricse per misurare l\u2019impatto sociale ed economico La raccolta delle adesioni \u00e8 gi\u00e0 partita e si estender\u00e0 fino al 30 giugno. Federsolidariet\u00e0 Friuli Venezia Giulia e Legacoop Sociali FVG, con il supporto scientifico di Euricse, lanciano l\u2019opportunit\u00e0 per tutte le proprie associate di predisporre il bilancio sociale e sperimentare, cos\u00ec, [&hellip;]<\/p>\n","protected":false},"author":30,"featured_media":8340,"comment_status":"open","ping_status":"closed","sticky":false,"template":"","format":"standard","meta":{"_acf_changed":false,"episode_type":"","audio_file":"","cover_image":"","cover_image_id":"","duration":"","filesize":"","date_recorded":"","explicit":"","block":"","itunes_episode_number":"","itunes_title":"","itunes_season_number":"","itunes_episode_type":"","filesize_raw":"","footnotes":""},"categories":[17],"tags":[261,381,423],"class_list":["post-8337","post","type-post","status-publish","format-standard","has-post-thumbnail","hentry","category-news-it","tag-impatto-sociale","tag-impact","tag-impatto-it"],"acf":[],"yoast_head":"<!-- This site is optimized with the Yoast SEO plugin v26.1.1 - https:\/\/yoast.com\/wordpress\/plugins\/seo\/ -->\n<title>ImpACT in Friuli Venezia Giulia: parte la raccolta delle adesioni - Euricse<\/title>\n<meta name=\"robots\" content=\"index, follow, max-snippet:-1, max-image-preview:large, max-video-preview:-1\" \/>\n<link rel=\"canonical\" href=\"https:\/\/euricse.eu\/it\/impact-in-friuli-venezia-giulia-parte-la-raccolta-delle-adesioni\/\" \/>\n<meta property=\"og:locale\" content=\"it_IT\" \/>\n<meta property=\"og:type\" content=\"article\" \/>\n<meta property=\"og:title\" content=\"ImpACT in Friuli Venezia Giulia: parte la raccolta delle adesioni - Euricse\" \/>\n<meta property=\"og:description\" content=\"Bilancio sociale, la metodologia di Euricse per misurare l\u2019impatto sociale ed economico La raccolta delle adesioni \u00e8 gi\u00e0 partita e si estender\u00e0 fino al 30 giugno. Federsolidariet\u00e0 Friuli Venezia Giulia e Legacoop Sociali FVG, con il supporto scientifico di Euricse, lanciano l\u2019opportunit\u00e0 per tutte le proprie associate di predisporre il bilancio sociale e sperimentare, cos\u00ec, [&hellip;]\" \/>\n<meta property=\"og:url\" content=\"https:\/\/euricse.eu\/it\/impact-in-friuli-venezia-giulia-parte-la-raccolta-delle-adesioni\/\" \/>\n<meta property=\"og:site_name\" content=\"Euricse\" \/>\n<meta property=\"article:published_time\" content=\"2019-03-15T16:05:48+00:00\" \/>\n<meta property=\"article:modified_time\" content=\"2019-03-15T16:21:37+00:00\" \/>\n<meta property=\"og:image\" content=\"https:\/\/euricse.eu\/wp-content\/uploads\/2019\/03\/impact.png\" \/>\n\t<meta property=\"og:image:width\" content=\"1920\" \/>\n\t<meta property=\"og:image:height\" content=\"1080\" \/>\n\t<meta property=\"og:image:type\" content=\"image\/png\" \/>\n<meta name=\"author\" content=\"redazione\" \/>\n<meta name=\"twitter:card\" content=\"summary_large_image\" \/>\n<meta name=\"twitter:label1\" content=\"Scritto da\" \/>\n\t<meta name=\"twitter:data1\" content=\"redazione\" \/>\n\t<meta name=\"twitter:label2\" content=\"Tempo di lettura stimato\" \/>\n\t<meta name=\"twitter:data2\" content=\"2 minuti\" \/>\n<script type=\"application\/ld+json\" class=\"yoast-schema-graph\">{\"@context\":\"https:\/\/schema.org\",\"@graph\":[{\"@type\":\"WebPage\",\"@id\":\"https:\/\/euricse.eu\/it\/impact-in-friuli-venezia-giulia-parte-la-raccolta-delle-adesioni\/\",\"url\":\"https:\/\/euricse.eu\/it\/impact-in-friuli-venezia-giulia-parte-la-raccolta-delle-adesioni\/\",\"name\":\"ImpACT in Friuli Venezia Giulia: parte la raccolta delle adesioni - Euricse\",\"isPartOf\":{\"@id\":\"https:\/\/euricse.eu\/en\/#website\"},\"primaryImageOfPage\":{\"@id\":\"https:\/\/euricse.eu\/it\/impact-in-friuli-venezia-giulia-parte-la-raccolta-delle-adesioni\/#primaryimage\"},\"image\":{\"@id\":\"https:\/\/euricse.eu\/it\/impact-in-friuli-venezia-giulia-parte-la-raccolta-delle-adesioni\/#primaryimage\"},\"thumbnailUrl\":\"https:\/\/euricse.eu\/wp-content\/uploads\/2019\/03\/impact.png\",\"datePublished\":\"2019-03-15T16:05:48+00:00\",\"dateModified\":\"2019-03-15T16:21:37+00:00\",\"author\":{\"@id\":\"https:\/\/euricse.eu\/en\/#\/schema\/person\/46be9426d76e3114ba478b69f3d8040b\"},\"breadcrumb\":{\"@id\":\"https:\/\/euricse.eu\/it\/impact-in-friuli-venezia-giulia-parte-la-raccolta-delle-adesioni\/#breadcrumb\"},\"inLanguage\":\"it-IT\",\"potentialAction\":[{\"@type\":\"ReadAction\",\"target\":[\"https:\/\/euricse.eu\/it\/impact-in-friuli-venezia-giulia-parte-la-raccolta-delle-adesioni\/\"]}]},{\"@type\":\"ImageObject\",\"inLanguage\":\"it-IT\",\"@id\":\"https:\/\/euricse.eu\/it\/impact-in-friuli-venezia-giulia-parte-la-raccolta-delle-adesioni\/#primaryimage\",\"url\":\"https:\/\/euricse.eu\/wp-content\/uploads\/2019\/03\/impact.png\",\"contentUrl\":\"https:\/\/euricse.eu\/wp-content\/uploads\/2019\/03\/impact.png\",\"width\":1920,\"height\":1080},{\"@type\":\"BreadcrumbList\",\"@id\":\"https:\/\/euricse.eu\/it\/impact-in-friuli-venezia-giulia-parte-la-raccolta-delle-adesioni\/#breadcrumb\",\"itemListElement\":[{\"@type\":\"ListItem\",\"position\":1,\"name\":\"Home\",\"item\":\"https:\/\/euricse.eu\/it\/\"},{\"@type\":\"ListItem\",\"position\":2,\"name\":\"ImpACT in Friuli Venezia Giulia: parte la raccolta delle adesioni\"}]},{\"@type\":\"WebSite\",\"@id\":\"https:\/\/euricse.eu\/en\/#website\",\"url\":\"https:\/\/euricse.eu\/en\/\",\"name\":\"Euricse\",\"description\":\"Knowledge and innovation for cooperative and social enterprises.\",\"potentialAction\":[{\"@type\":\"SearchAction\",\"target\":{\"@type\":\"EntryPoint\",\"urlTemplate\":\"https:\/\/euricse.eu\/en\/?s={search_term_string}\"},\"query-input\":{\"@type\":\"PropertyValueSpecification\",\"valueRequired\":true,\"valueName\":\"search_term_string\"}}],\"inLanguage\":\"it-IT\"},{\"@type\":\"Person\",\"@id\":\"https:\/\/euricse.eu\/en\/#\/schema\/person\/46be9426d76e3114ba478b69f3d8040b\",\"name\":\"redazione\",\"image\":{\"@type\":\"ImageObject\",\"inLanguage\":\"it-IT\",\"@id\":\"https:\/\/euricse.eu\/en\/#\/schema\/person\/image\/\",\"url\":\"https:\/\/secure.gravatar.com\/avatar\/d1e5fb76fa001722a0822f32de0a8935d9c7a01b0f055f16dc71df73252c3c50?s=96&d=mm&r=g\",\"contentUrl\":\"https:\/\/secure.gravatar.com\/avatar\/d1e5fb76fa001722a0822f32de0a8935d9c7a01b0f055f16dc71df73252c3c50?s=96&d=mm&r=g\",\"caption\":\"redazione\"},\"url\":\"https:\/\/euricse.eu\/it\/author\/marikadmin\/\"}]}<\/script>\n<!-- \/ Yoast SEO plugin. -->","yoast_head_json":{"title":"ImpACT in Friuli Venezia Giulia: parte la raccolta delle adesioni - Euricse","robots":{"index":"index","follow":"follow","max-snippet":"max-snippet:-1","max-image-preview":"max-image-preview:large","max-video-preview":"max-video-preview:-1"},"canonical":"https:\/\/euricse.eu\/it\/impact-in-friuli-venezia-giulia-parte-la-raccolta-delle-adesioni\/","og_locale":"it_IT","og_type":"article","og_title":"ImpACT in Friuli Venezia Giulia: parte la raccolta delle adesioni - Euricse","og_description":"Bilancio sociale, la metodologia di Euricse per misurare l\u2019impatto sociale ed economico La raccolta delle adesioni \u00e8 gi\u00e0 partita e si estender\u00e0 fino al 30 giugno. Federsolidariet\u00e0 Friuli Venezia Giulia e Legacoop Sociali FVG, con il supporto scientifico di Euricse, lanciano l\u2019opportunit\u00e0 per tutte le proprie associate di predisporre il bilancio sociale e sperimentare, cos\u00ec, [&hellip;]","og_url":"https:\/\/euricse.eu\/it\/impact-in-friuli-venezia-giulia-parte-la-raccolta-delle-adesioni\/","og_site_name":"Euricse","article_published_time":"2019-03-15T16:05:48+00:00","article_modified_time":"2019-03-15T16:21:37+00:00","og_image":[{"width":1920,"height":1080,"url":"https:\/\/euricse.eu\/wp-content\/uploads\/2019\/03\/impact.png","type":"image\/png"}],"author":"redazione","twitter_card":"summary_large_image","twitter_misc":{"Scritto da":"redazione","Tempo di lettura stimato":"2 minuti"},"schema":{"@context":"https:\/\/schema.org","@graph":[{"@type":"WebPage","@id":"https:\/\/euricse.eu\/it\/impact-in-friuli-venezia-giulia-parte-la-raccolta-delle-adesioni\/","url":"https:\/\/euricse.eu\/it\/impact-in-friuli-venezia-giulia-parte-la-raccolta-delle-adesioni\/","name":"ImpACT in Friuli Venezia Giulia: parte la raccolta delle adesioni - Euricse","isPartOf":{"@id":"https:\/\/euricse.eu\/en\/#website"},"primaryImageOfPage":{"@id":"https:\/\/euricse.eu\/it\/impact-in-friuli-venezia-giulia-parte-la-raccolta-delle-adesioni\/#primaryimage"},"image":{"@id":"https:\/\/euricse.eu\/it\/impact-in-friuli-venezia-giulia-parte-la-raccolta-delle-adesioni\/#primaryimage"},"thumbnailUrl":"https:\/\/euricse.eu\/wp-content\/uploads\/2019\/03\/impact.png","datePublished":"2019-03-15T16:05:48+00:00","dateModified":"2019-03-15T16:21:37+00:00","author":{"@id":"https:\/\/euricse.eu\/en\/#\/schema\/person\/46be9426d76e3114ba478b69f3d8040b"},"breadcrumb":{"@id":"https:\/\/euricse.eu\/it\/impact-in-friuli-venezia-giulia-parte-la-raccolta-delle-adesioni\/#breadcrumb"},"inLanguage":"it-IT","potentialAction":[{"@type":"ReadAction","target":["https:\/\/euricse.eu\/it\/impact-in-friuli-venezia-giulia-parte-la-raccolta-delle-adesioni\/"]}]},{"@type":"ImageObject","inLanguage":"it-IT","@id":"https:\/\/euricse.eu\/it\/impact-in-friuli-venezia-giulia-parte-la-raccolta-delle-adesioni\/#primaryimage","url":"https:\/\/euricse.eu\/wp-content\/uploads\/2019\/03\/impact.png","contentUrl":"https:\/\/euricse.eu\/wp-content\/uploads\/2019\/03\/impact.png","width":1920,"height":1080},{"@type":"BreadcrumbList","@id":"https:\/\/euricse.eu\/it\/impact-in-friuli-venezia-giulia-parte-la-raccolta-delle-adesioni\/#breadcrumb","itemListElement":[{"@type":"ListItem","position":1,"name":"Home","item":"https:\/\/euricse.eu\/it\/"},{"@type":"ListItem","position":2,"name":"ImpACT in Friuli Venezia Giulia: parte la raccolta delle adesioni"}]},{"@type":"WebSite","@id":"https:\/\/euricse.eu\/en\/#website","url":"https:\/\/euricse.eu\/en\/","name":"Euricse","description":"Knowledge and innovation for cooperative and social enterprises.","potentialAction":[{"@type":"SearchAction","target":{"@type":"EntryPoint","urlTemplate":"https:\/\/euricse.eu\/en\/?s={search_term_string}"},"query-input":{"@type":"PropertyValueSpecification","valueRequired":true,"valueName":"search_term_string"}}],"inLanguage":"it-IT"},{"@type":"Person","@id":"https:\/\/euricse.eu\/en\/#\/schema\/person\/46be9426d76e3114ba478b69f3d8040b","name":"redazione","image":{"@type":"ImageObject","inLanguage":"it-IT","@id":"https:\/\/euricse.eu\/en\/#\/schema\/person\/image\/","url":"https:\/\/secure.gravatar.com\/avatar\/d1e5fb76fa001722a0822f32de0a8935d9c7a01b0f055f16dc71df73252c3c50?s=96&d=mm&r=g","contentUrl":"https:\/\/secure.gravatar.com\/avatar\/d1e5fb76fa001722a0822f32de0a8935d9c7a01b0f055f16dc71df73252c3c50?s=96&d=mm&r=g","caption":"redazione"},"url":"https:\/\/euricse.eu\/it\/author\/marikadmin\/"}]}},"_links":{"self":[{"href":"https:\/\/euricse.eu\/it\/wp-json\/wp\/v2\/posts\/8337","targetHints":{"allow":["GET"]}}],"collection":[{"href":"https:\/\/euricse.eu\/it\/wp-json\/wp\/v2\/posts"}],"about":[{"href":"https:\/\/euricse.eu\/it\/wp-json\/wp\/v2\/types\/post"}],"author":[{"embeddable":true,"href":"https:\/\/euricse.eu\/it\/wp-json\/wp\/v2\/users\/30"}],"replies":[{"embeddable":true,"href":"https:\/\/euricse.eu\/it\/wp-json\/wp\/v2\/comments?post=8337"}],"version-history":[{"count":0,"href":"https:\/\/euricse.eu\/it\/wp-json\/wp\/v2\/posts\/8337\/revisions"}],"wp:featuredmedia":[{"embeddable":true,"href":"https:\/\/euricse.eu\/it\/wp-json\/wp\/v2\/media\/8340"}],"wp:attachment":[{"href":"https:\/\/euricse.eu\/it\/wp-json\/wp\/v2\/media?parent=8337"}],"wp:term":[{"taxonomy":"category","embeddable":true,"href":"https:\/\/euricse.eu\/it\/wp-json\/wp\/v2\/categories?post=8337"},{"taxonomy":"post_tag","embeddable":true,"href":"https:\/\/euricse.eu\/it\/wp-json\/wp\/v2\/tags?post=8337"}],"curies":[{"name":"wp","href":"https:\/\/api.w.org\/{rel}","templated":true}]}}