{"id":8440,"date":"2019-05-08T13:53:07","date_gmt":"2019-05-08T12:53:07","guid":{"rendered":"https:\/\/euricse.staging.hgblu.com\/?p=8440"},"modified":"2019-05-08T13:55:45","modified_gmt":"2019-05-08T12:55:45","slug":"imprese-di-comunita-quando-la-partecipazione-guida-leconomia","status":"publish","type":"post","link":"https:\/\/euricse.eu\/it\/imprese-di-comunita-quando-la-partecipazione-guida-leconomia\/","title":{"rendered":"Imprese di comunit\u00e0: quando la partecipazione guida l\u2019economia"},"content":{"rendered":"<p><em>Un nuovo modello imprenditoriale, dalle aree periferiche ai quartieri delle grandi citt\u00e0. Il libro di Euricse si presenta a Bologna negli spazi di Fondazione per l&#8217;Innovazione Urbana<\/em><\/p>\n<p>Sentirsi parte di una comunit\u00e0, condividerne le scelte, orientarne i destini. C\u2019\u00e8 un bisogno fortissimo di partecipazione che le<strong> imprese di comunit\u00e0<\/strong>, modello che si propone come alternativo sia all&#8217;impresa capitalistica sia all&#8217;impresa pubblica, sembra pronto ad accogliere.<\/p>\n<p>Il volume \u201c<a href=\"https:\/\/euricse.eu\/it\/imprese-di-comunita-uno-strumento-di-mobilitazione-sociale\/\" target=\"_blank\" rel=\"noopener\">Imprese di comunit\u00e0. Innovazione istituzionale, partecipazione e sviluppo locale<\/a>\u201d curato da Jacopo Sforzi e Pier Angelo Mori (Il Mulino edizioni) e presentato marted\u00ec 7 maggio negli spazi di <a href=\"http:\/\/www.fondazioneinnovazioneurbana.it\/\" target=\"_blank\" rel=\"noopener\">Fondazione per l&#8217;Innovazione Urbana<\/a> presso Palazzo d&#8217;Accursio a Bologna, ne traccia un quadro ben preciso. Analizzando venti esperienze, ne ricostruisce la cornice giuridica, organizzativa ed economica, ricordando che per quanto il fenomeno abbia origine soprattutto nelle aree considerate marginali, si fa sempre pi\u00f9 presente anche nelle <strong>aree urbane<\/strong>. In alcuni casi, grazie anche a interventi orientati a stimolare e accompagnare la partecipazione dei cittadini. \u00c8 d\u2019esempio, in questo senso, proprio Fondazione per l&#8217;Innovazione Urbana, realt\u00e0 nata a Bologna per affrontare le sfide sociali, ambientali e tecnologiche della citt\u00e0 e dei suoi quartieri.<\/p>\n<p>\u201cLe imprese di comunit\u00e0, siano esse figlie di territori isolati, come i borghi di montagna, o di grandi aree urbane, hanno alla base una forte esigenza di partecipazione civica. \u2013 chiarisce l\u2019autore Jacopo Sforzi, di Euricse &#8211; Sono infatti caratterizzate da una <strong>governance inclusiva<\/strong> e rappresentano uno strumento innovativo di cittadinanza attiva attraverso il quale i soggetti interessati danno risposte collettive mirate a contrastare i processi degenerativi dell\u2019assetto sociale ed economico della comunit\u00e0 locale\u201d. Difficolt\u00e0, ma soprattutto soluzioni, dunque, che un tempo erano percepite come \u201cindividuali\u201d, con le imprese di comunit\u00e0 diventano \u201ccollettive\u201d.<\/p>\n<p><img loading=\"lazy\" decoding=\"async\" class=\"aligncenter size-large wp-image-8442\" src=\"https:\/\/euricse.eu\/wp-content\/uploads\/2019\/05\/33216a50-ff9f-4603-af9f-91e0046f9e9d-1024x768.jpg\" alt=\"\" width=\"1024\" height=\"768\" srcset=\"https:\/\/euricse.eu\/wp-content\/uploads\/2019\/05\/33216a50-ff9f-4603-af9f-91e0046f9e9d-1024x768.jpg 1024w, https:\/\/euricse.eu\/wp-content\/uploads\/2019\/05\/33216a50-ff9f-4603-af9f-91e0046f9e9d-533x400.jpg 533w, https:\/\/euricse.eu\/wp-content\/uploads\/2019\/05\/33216a50-ff9f-4603-af9f-91e0046f9e9d-300x225.jpg 300w, https:\/\/euricse.eu\/wp-content\/uploads\/2019\/05\/33216a50-ff9f-4603-af9f-91e0046f9e9d-768x576.jpg 768w, https:\/\/euricse.eu\/wp-content\/uploads\/2019\/05\/33216a50-ff9f-4603-af9f-91e0046f9e9d.jpg 1600w\" sizes=\"auto, (max-width: 1024px) 100vw, 1024px\" \/><\/p>\n<p>Certo, \u00e8 essenziale capire come rendere indipendenti queste imprese. \u201cPer essere realmente alternative \u2013 avverte il prof. Pierpaolo Donati, docente emerito all&#8217;Universit\u00e0 degli Studi di Bologna \u2013 le imprese di comunit\u00e0 devono essere autonome. Devono poter camminare con le proprie gambe, anche a livello economico, usufruendo ad esempio di <strong>social bond<\/strong>, dunque strumenti socialmente validi che poggino su un fondo di garanzia della Banca d\u2019Italia. Finch\u00e9 ci\u00f2 non accadr\u00e0, non avremo un terzo settore davvero autonomo rispetto allo Stato e al mercato\u201d.<\/p>\n<p>Ma la realt\u00e0, come spesso accade, \u00e8 pi\u00f9 avanti delle normative. Del resto, delle imprese di comunit\u00e0 se ne parla fin dalla fine dell\u2019Ottocento con le prime forme sviluppatesi nell&#8217;arco alpino. Luoghi in cui, anche oggi, si manifestano nuove esperienze. \u201cIn questi territori, <strong>non si \u00e8 cittadini se non si diventa imprenditori della propria societ\u00e0<\/strong>. La cittadinanza \u00e8, infatti, connotata da un forte tasso di intraprendenza\u201d \u2013 conferma Giovanni Teneggi, referente nazionale per le cooperative di comunit\u00e0 di Confcooperative che ha avuto modo di sperimentare numerosi modelli di imprese di comunit\u00e0 sviluppatesi lungo l\u2019appennino emiliano, ma non solo. E sono proprio queste esperienze a evidenziare alcune peculiarit\u00e0 delle imprese di comunit\u00e0 legate, appunto, alla dinamica partecipativa. \u201cAnzitutto \u2013 ricorda Teneggi \u2013 esiste il tema della gratificazione. Si partecipa a un\u2019impresa di comunit\u00e0 perch\u00e9 ci fa sentire parte del luogo in cui viviamo. Da qui, la congiunzione tra aspirazioni individuali e soddisfazione collettiva, ora non pi\u00f9 in antitesi\u201d. Essere d\u2019aiuto agli altri, infatti, vuol dire in primis essere d\u2019aiuto a se stessi. Anche questa una lezione molto chiara nei territori di montagna.<\/p>\n<p>Cos\u00ec, non c\u2019\u00e8 economia senza partecipazione e anzi, <strong>\u00e8 proprio la partecipazione a \u201cguidare\u201d la dimensione economica.<\/strong> Un modello che pu\u00f2 essere valido non solo nelle \u201cterre desolate\u201d ma anche in ambito urbano, purch\u00e9 sussista l\u2019elemento della prossimit\u00e0. I laboratori di quartiere della Fondazione Innovazione Urbana di Bologna \u2013 come evidenzia Leonardo Tedeschi \u2013 sono infatti un esempio di come sia possibile interrogare e coinvolgere i cittadini rispetto a determinate tematiche, co-progettando gli interventi. \u201cUn percorso basato sul protagonismo diretto dei membri della comunit\u00e0 locale \u2013 conclude Sforzi &#8211; pu\u00f2 aiutare a <strong>ricompattare un tessuto sociale sfiduciato<\/strong>, costruendo reti di relazioni tra persone e organizzazioni al fine di migliorare i livelli di benessere di intere comunit\u00e0\u201d.<\/p>\n<p>&nbsp;<\/p>\n","protected":false},"excerpt":{"rendered":"<p>Un nuovo modello imprenditoriale, dalle aree periferiche ai quartieri delle grandi citt\u00e0. Il libro di Euricse si presenta a Bologna negli spazi di Fondazione per l&#8217;Innovazione Urbana Sentirsi parte di una comunit\u00e0, condividerne le scelte, orientarne i destini. C\u2019\u00e8 un bisogno fortissimo di partecipazione che le imprese di comunit\u00e0, modello che si propone come alternativo [&hellip;]<\/p>\n","protected":false},"author":30,"featured_media":8442,"comment_status":"open","ping_status":"closed","sticky":false,"template":"","format":"standard","meta":{"_acf_changed":false,"episode_type":"","audio_file":"","cover_image":"","cover_image_id":"","duration":"","filesize":"","date_recorded":"","explicit":"","block":"","itunes_episode_number":"","itunes_title":"","itunes_season_number":"","itunes_episode_type":"","filesize_raw":"","footnotes":""},"categories":[14,17],"tags":[280,281,480,651,678,679,680],"class_list":["post-8440","post","type-post","status-publish","format-standard","has-post-thumbnail","hentry","category-blog-it","category-news-it","tag-terzo-settore","tag-comunita","tag-partecipazione","tag-euricse","tag-imprese","tag-fondazione-innovazione-urbana","tag-cittadinanza-attiva"],"acf":[],"yoast_head":"<!-- This site is optimized with the Yoast SEO plugin v26.1.1 - https:\/\/yoast.com\/wordpress\/plugins\/seo\/ -->\n<title>Imprese di comunit\u00e0: quando la partecipazione guida l\u2019economia - Euricse<\/title>\n<meta name=\"robots\" content=\"index, follow, max-snippet:-1, max-image-preview:large, max-video-preview:-1\" \/>\n<link rel=\"canonical\" href=\"https:\/\/euricse.eu\/it\/imprese-di-comunita-quando-la-partecipazione-guida-leconomia\/\" \/>\n<meta property=\"og:locale\" content=\"it_IT\" \/>\n<meta property=\"og:type\" content=\"article\" \/>\n<meta property=\"og:title\" content=\"Imprese di comunit\u00e0: quando la partecipazione guida l\u2019economia - Euricse\" \/>\n<meta property=\"og:description\" content=\"Un nuovo modello imprenditoriale, dalle aree periferiche ai quartieri delle grandi citt\u00e0. Il libro di Euricse si presenta a Bologna negli spazi di Fondazione per l&#8217;Innovazione Urbana Sentirsi parte di una comunit\u00e0, condividerne le scelte, orientarne i destini. C\u2019\u00e8 un bisogno fortissimo di partecipazione che le imprese di comunit\u00e0, modello che si propone come alternativo [&hellip;]\" \/>\n<meta property=\"og:url\" content=\"https:\/\/euricse.eu\/it\/imprese-di-comunita-quando-la-partecipazione-guida-leconomia\/\" \/>\n<meta property=\"og:site_name\" content=\"Euricse\" \/>\n<meta property=\"article:published_time\" content=\"2019-05-08T12:53:07+00:00\" \/>\n<meta property=\"article:modified_time\" content=\"2019-05-08T12:55:45+00:00\" \/>\n<meta property=\"og:image\" content=\"https:\/\/euricse.eu\/wp-content\/uploads\/2019\/05\/33216a50-ff9f-4603-af9f-91e0046f9e9d.jpg\" \/>\n\t<meta property=\"og:image:width\" content=\"1600\" \/>\n\t<meta property=\"og:image:height\" content=\"1200\" \/>\n\t<meta property=\"og:image:type\" content=\"image\/jpeg\" \/>\n<meta name=\"author\" content=\"redazione\" \/>\n<meta name=\"twitter:card\" content=\"summary_large_image\" \/>\n<meta name=\"twitter:label1\" content=\"Scritto da\" \/>\n\t<meta name=\"twitter:data1\" content=\"redazione\" \/>\n\t<meta name=\"twitter:label2\" content=\"Tempo di lettura stimato\" \/>\n\t<meta name=\"twitter:data2\" content=\"3 minuti\" \/>\n<script type=\"application\/ld+json\" class=\"yoast-schema-graph\">{\"@context\":\"https:\/\/schema.org\",\"@graph\":[{\"@type\":\"WebPage\",\"@id\":\"https:\/\/euricse.eu\/it\/imprese-di-comunita-quando-la-partecipazione-guida-leconomia\/\",\"url\":\"https:\/\/euricse.eu\/it\/imprese-di-comunita-quando-la-partecipazione-guida-leconomia\/\",\"name\":\"Imprese di comunit\u00e0: quando la partecipazione guida l\u2019economia - Euricse\",\"isPartOf\":{\"@id\":\"https:\/\/euricse.eu\/en\/#website\"},\"primaryImageOfPage\":{\"@id\":\"https:\/\/euricse.eu\/it\/imprese-di-comunita-quando-la-partecipazione-guida-leconomia\/#primaryimage\"},\"image\":{\"@id\":\"https:\/\/euricse.eu\/it\/imprese-di-comunita-quando-la-partecipazione-guida-leconomia\/#primaryimage\"},\"thumbnailUrl\":\"https:\/\/euricse.eu\/wp-content\/uploads\/2019\/05\/33216a50-ff9f-4603-af9f-91e0046f9e9d.jpg\",\"datePublished\":\"2019-05-08T12:53:07+00:00\",\"dateModified\":\"2019-05-08T12:55:45+00:00\",\"author\":{\"@id\":\"https:\/\/euricse.eu\/en\/#\/schema\/person\/46be9426d76e3114ba478b69f3d8040b\"},\"breadcrumb\":{\"@id\":\"https:\/\/euricse.eu\/it\/imprese-di-comunita-quando-la-partecipazione-guida-leconomia\/#breadcrumb\"},\"inLanguage\":\"it-IT\",\"potentialAction\":[{\"@type\":\"ReadAction\",\"target\":[\"https:\/\/euricse.eu\/it\/imprese-di-comunita-quando-la-partecipazione-guida-leconomia\/\"]}]},{\"@type\":\"ImageObject\",\"inLanguage\":\"it-IT\",\"@id\":\"https:\/\/euricse.eu\/it\/imprese-di-comunita-quando-la-partecipazione-guida-leconomia\/#primaryimage\",\"url\":\"https:\/\/euricse.eu\/wp-content\/uploads\/2019\/05\/33216a50-ff9f-4603-af9f-91e0046f9e9d.jpg\",\"contentUrl\":\"https:\/\/euricse.eu\/wp-content\/uploads\/2019\/05\/33216a50-ff9f-4603-af9f-91e0046f9e9d.jpg\",\"width\":1600,\"height\":1200},{\"@type\":\"BreadcrumbList\",\"@id\":\"https:\/\/euricse.eu\/it\/imprese-di-comunita-quando-la-partecipazione-guida-leconomia\/#breadcrumb\",\"itemListElement\":[{\"@type\":\"ListItem\",\"position\":1,\"name\":\"Home\",\"item\":\"https:\/\/euricse.eu\/it\/\"},{\"@type\":\"ListItem\",\"position\":2,\"name\":\"Imprese di comunit\u00e0: quando la partecipazione guida l\u2019economia\"}]},{\"@type\":\"WebSite\",\"@id\":\"https:\/\/euricse.eu\/en\/#website\",\"url\":\"https:\/\/euricse.eu\/en\/\",\"name\":\"Euricse\",\"description\":\"Knowledge and innovation for cooperative and social enterprises.\",\"potentialAction\":[{\"@type\":\"SearchAction\",\"target\":{\"@type\":\"EntryPoint\",\"urlTemplate\":\"https:\/\/euricse.eu\/en\/?s={search_term_string}\"},\"query-input\":{\"@type\":\"PropertyValueSpecification\",\"valueRequired\":true,\"valueName\":\"search_term_string\"}}],\"inLanguage\":\"it-IT\"},{\"@type\":\"Person\",\"@id\":\"https:\/\/euricse.eu\/en\/#\/schema\/person\/46be9426d76e3114ba478b69f3d8040b\",\"name\":\"redazione\",\"image\":{\"@type\":\"ImageObject\",\"inLanguage\":\"it-IT\",\"@id\":\"https:\/\/euricse.eu\/en\/#\/schema\/person\/image\/\",\"url\":\"https:\/\/secure.gravatar.com\/avatar\/d1e5fb76fa001722a0822f32de0a8935d9c7a01b0f055f16dc71df73252c3c50?s=96&d=mm&r=g\",\"contentUrl\":\"https:\/\/secure.gravatar.com\/avatar\/d1e5fb76fa001722a0822f32de0a8935d9c7a01b0f055f16dc71df73252c3c50?s=96&d=mm&r=g\",\"caption\":\"redazione\"},\"url\":\"https:\/\/euricse.eu\/it\/author\/marikadmin\/\"}]}<\/script>\n<!-- \/ Yoast SEO plugin. -->","yoast_head_json":{"title":"Imprese di comunit\u00e0: quando la partecipazione guida l\u2019economia - Euricse","robots":{"index":"index","follow":"follow","max-snippet":"max-snippet:-1","max-image-preview":"max-image-preview:large","max-video-preview":"max-video-preview:-1"},"canonical":"https:\/\/euricse.eu\/it\/imprese-di-comunita-quando-la-partecipazione-guida-leconomia\/","og_locale":"it_IT","og_type":"article","og_title":"Imprese di comunit\u00e0: quando la partecipazione guida l\u2019economia - Euricse","og_description":"Un nuovo modello imprenditoriale, dalle aree periferiche ai quartieri delle grandi citt\u00e0. Il libro di Euricse si presenta a Bologna negli spazi di Fondazione per l&#8217;Innovazione Urbana Sentirsi parte di una comunit\u00e0, condividerne le scelte, orientarne i destini. C\u2019\u00e8 un bisogno fortissimo di partecipazione che le imprese di comunit\u00e0, modello che si propone come alternativo [&hellip;]","og_url":"https:\/\/euricse.eu\/it\/imprese-di-comunita-quando-la-partecipazione-guida-leconomia\/","og_site_name":"Euricse","article_published_time":"2019-05-08T12:53:07+00:00","article_modified_time":"2019-05-08T12:55:45+00:00","og_image":[{"width":1600,"height":1200,"url":"https:\/\/euricse.eu\/wp-content\/uploads\/2019\/05\/33216a50-ff9f-4603-af9f-91e0046f9e9d.jpg","type":"image\/jpeg"}],"author":"redazione","twitter_card":"summary_large_image","twitter_misc":{"Scritto da":"redazione","Tempo di lettura stimato":"3 minuti"},"schema":{"@context":"https:\/\/schema.org","@graph":[{"@type":"WebPage","@id":"https:\/\/euricse.eu\/it\/imprese-di-comunita-quando-la-partecipazione-guida-leconomia\/","url":"https:\/\/euricse.eu\/it\/imprese-di-comunita-quando-la-partecipazione-guida-leconomia\/","name":"Imprese di comunit\u00e0: quando la partecipazione guida l\u2019economia - Euricse","isPartOf":{"@id":"https:\/\/euricse.eu\/en\/#website"},"primaryImageOfPage":{"@id":"https:\/\/euricse.eu\/it\/imprese-di-comunita-quando-la-partecipazione-guida-leconomia\/#primaryimage"},"image":{"@id":"https:\/\/euricse.eu\/it\/imprese-di-comunita-quando-la-partecipazione-guida-leconomia\/#primaryimage"},"thumbnailUrl":"https:\/\/euricse.eu\/wp-content\/uploads\/2019\/05\/33216a50-ff9f-4603-af9f-91e0046f9e9d.jpg","datePublished":"2019-05-08T12:53:07+00:00","dateModified":"2019-05-08T12:55:45+00:00","author":{"@id":"https:\/\/euricse.eu\/en\/#\/schema\/person\/46be9426d76e3114ba478b69f3d8040b"},"breadcrumb":{"@id":"https:\/\/euricse.eu\/it\/imprese-di-comunita-quando-la-partecipazione-guida-leconomia\/#breadcrumb"},"inLanguage":"it-IT","potentialAction":[{"@type":"ReadAction","target":["https:\/\/euricse.eu\/it\/imprese-di-comunita-quando-la-partecipazione-guida-leconomia\/"]}]},{"@type":"ImageObject","inLanguage":"it-IT","@id":"https:\/\/euricse.eu\/it\/imprese-di-comunita-quando-la-partecipazione-guida-leconomia\/#primaryimage","url":"https:\/\/euricse.eu\/wp-content\/uploads\/2019\/05\/33216a50-ff9f-4603-af9f-91e0046f9e9d.jpg","contentUrl":"https:\/\/euricse.eu\/wp-content\/uploads\/2019\/05\/33216a50-ff9f-4603-af9f-91e0046f9e9d.jpg","width":1600,"height":1200},{"@type":"BreadcrumbList","@id":"https:\/\/euricse.eu\/it\/imprese-di-comunita-quando-la-partecipazione-guida-leconomia\/#breadcrumb","itemListElement":[{"@type":"ListItem","position":1,"name":"Home","item":"https:\/\/euricse.eu\/it\/"},{"@type":"ListItem","position":2,"name":"Imprese di comunit\u00e0: quando la partecipazione guida l\u2019economia"}]},{"@type":"WebSite","@id":"https:\/\/euricse.eu\/en\/#website","url":"https:\/\/euricse.eu\/en\/","name":"Euricse","description":"Knowledge and innovation for cooperative and social enterprises.","potentialAction":[{"@type":"SearchAction","target":{"@type":"EntryPoint","urlTemplate":"https:\/\/euricse.eu\/en\/?s={search_term_string}"},"query-input":{"@type":"PropertyValueSpecification","valueRequired":true,"valueName":"search_term_string"}}],"inLanguage":"it-IT"},{"@type":"Person","@id":"https:\/\/euricse.eu\/en\/#\/schema\/person\/46be9426d76e3114ba478b69f3d8040b","name":"redazione","image":{"@type":"ImageObject","inLanguage":"it-IT","@id":"https:\/\/euricse.eu\/en\/#\/schema\/person\/image\/","url":"https:\/\/secure.gravatar.com\/avatar\/d1e5fb76fa001722a0822f32de0a8935d9c7a01b0f055f16dc71df73252c3c50?s=96&d=mm&r=g","contentUrl":"https:\/\/secure.gravatar.com\/avatar\/d1e5fb76fa001722a0822f32de0a8935d9c7a01b0f055f16dc71df73252c3c50?s=96&d=mm&r=g","caption":"redazione"},"url":"https:\/\/euricse.eu\/it\/author\/marikadmin\/"}]}},"_links":{"self":[{"href":"https:\/\/euricse.eu\/it\/wp-json\/wp\/v2\/posts\/8440","targetHints":{"allow":["GET"]}}],"collection":[{"href":"https:\/\/euricse.eu\/it\/wp-json\/wp\/v2\/posts"}],"about":[{"href":"https:\/\/euricse.eu\/it\/wp-json\/wp\/v2\/types\/post"}],"author":[{"embeddable":true,"href":"https:\/\/euricse.eu\/it\/wp-json\/wp\/v2\/users\/30"}],"replies":[{"embeddable":true,"href":"https:\/\/euricse.eu\/it\/wp-json\/wp\/v2\/comments?post=8440"}],"version-history":[{"count":0,"href":"https:\/\/euricse.eu\/it\/wp-json\/wp\/v2\/posts\/8440\/revisions"}],"wp:featuredmedia":[{"embeddable":true,"href":"https:\/\/euricse.eu\/it\/wp-json\/wp\/v2\/media\/8442"}],"wp:attachment":[{"href":"https:\/\/euricse.eu\/it\/wp-json\/wp\/v2\/media?parent=8440"}],"wp:term":[{"taxonomy":"category","embeddable":true,"href":"https:\/\/euricse.eu\/it\/wp-json\/wp\/v2\/categories?post=8440"},{"taxonomy":"post_tag","embeddable":true,"href":"https:\/\/euricse.eu\/it\/wp-json\/wp\/v2\/tags?post=8440"}],"curies":[{"name":"wp","href":"https:\/\/api.w.org\/{rel}","templated":true}]}}