{"id":8620,"date":"2019-06-24T15:28:18","date_gmt":"2019-06-24T14:28:18","guid":{"rendered":"https:\/\/euricse.staging.hgblu.com\/?p=8620"},"modified":"2019-06-24T15:29:59","modified_gmt":"2019-06-24T14:29:59","slug":"dallall-for-business-al-business-for-all-a-scuola-di-impresa-sostenibile-con-euricse-dynamo-camp-e-fondazione-adriano-olivetti","status":"publish","type":"post","link":"https:\/\/euricse.eu\/it\/dallall-for-business-al-business-for-all-a-scuola-di-impresa-sostenibile-con-euricse-dynamo-camp-e-fondazione-adriano-olivetti\/","title":{"rendered":"Dall\u2019\u00aball for business\u00bb al \u00abbusiness for all\u00bb: a scuola di impresa sostenibile con Euricse, Dynamo Camp e Fondazione Adriano Olivetti"},"content":{"rendered":"\n<p>di S<em>ilvia Pagliuca<\/em><\/p>\n\n\n\n<p><em>\u00abPu\u00f2 l&#8217;industria darsi dei fini? Si trovano questi semplicemente nell&#8217;indice dei profitti? Non vi \u00e8 qualcosa di pi\u00f9 affascinante, una destinazione, una vocazione anche nella vita di una fabbrica?\u00bb. <\/em>A chiederselo fu \u2013 prima di altri &#8211; <strong>Adriano Olivetti<\/strong>, imprenditore che seppe trasformare la propria industria in un laboratorio culturale destinato ad avere grande impatto nella societ\u00e0 italiana. Avvi\u00f2 infatti un vero e proprio piano di <strong>welfare aziendale <\/strong>mettendo al centro i lavoratori, convinto che il loro benessere non fosse accessorio per la vita dell\u2019impresa, ma anzi ne fosse elemento fondante. Un modello che, oggi pi\u00f9 che mai, sembra riscoprire tutta la sua validit\u00e0 e attualit\u00e0. Ne \u00e8 la prova l\u2019attenzione riservata dalle aziende del mondo profit alla seconda edizione dell\u2019<strong>Executive School <\/strong>organizzata da <strong><a rel=\"noreferrer noopener\" aria-label=\" (opens in a new tab)\" href=\"http:\/\/www.fondazioneadrianolivetti.it\/\" target=\"_blank\">Fondazione Adriano Olivetti<\/a><\/strong> e <strong><a rel=\"noreferrer noopener\" aria-label=\" (opens in a new tab)\" href=\"https:\/\/www.dynamocamp.org\/\" target=\"_blank\">Dynamo Camp<\/a><\/strong> con la collaborazione di <strong>Euricse<\/strong> e il sostegno di <strong><a href=\"https:\/\/www.realemutua.it\/\" target=\"_blank\" rel=\"noreferrer noopener\" aria-label=\" (opens in a new tab)\">Reale Mutua<\/a><\/strong>. <\/p>\n\n\n\n<figure class=\"wp-block-image\"><img loading=\"lazy\" decoding=\"async\" width=\"1024\" height=\"480\" src=\"https:\/\/euricse.eu\/wp-content\/uploads\/2019\/06\/Gionata07-8-2-1024x480-1024x480.jpg\" alt=\"\" class=\"wp-image-8621\" srcset=\"https:\/\/euricse.eu\/wp-content\/uploads\/2019\/06\/Gionata07-8-2-1024x480.jpg 1024w, https:\/\/euricse.eu\/wp-content\/uploads\/2019\/06\/Gionata07-8-2-1024x480-670x314.jpg 670w, https:\/\/euricse.eu\/wp-content\/uploads\/2019\/06\/Gionata07-8-2-1024x480-300x141.jpg 300w, https:\/\/euricse.eu\/wp-content\/uploads\/2019\/06\/Gionata07-8-2-1024x480-768x360.jpg 768w\" sizes=\"auto, (max-width: 1024px) 100vw, 1024px\" \/><figcaption>Gianluca Salvatori durante uno dei suoi interventi all&#8217;Executive School<\/figcaption><\/figure>\n\n\n\n<p>Oltre 20 top manager tra Responsabili HR, CSR, Corporate Strategy, Innovation e Comunicazione di 9 aziende (Gruppo Ferrovie dello Stato, Icrea, PWC, BusItalia, Reale Mutua, Confindustria sezione dispositivi medici, Anas, Intercos e Garc impresa edile) si sono confrontati sulla tematica del <strong>fare impresa in modo responsabile<\/strong>. L\u2019hanno fatto con la guida di una faculty d\u2019eccezione, composta tra gli altri da Beniamino de&#8217; Liguori Carino, Serena Porcari, Carlo Borzaga, Gianluca Salvatori, Paolo Fontana, Giuseppe Berta, Leonardo Becchetti, Mario Calderini e Annalisa Galardi. Con un doppio appuntamento \u2013 a Ivrea, la citt\u00e0 di Adriano Olivetti, dal 30 maggio all\u20191 giugno, e a Limestre, dal 16 al 21 giugno \u2013 i partecipanti hanno avuto modo di discutere delle molteplici possibilit\u00e0 che possono nascere dall\u2019incontro tra gli obiettivi di profitto e la responsabilit\u00e0 sociale d\u2019impresa, lavorando su casi studio e cimentandosi in <strong>laboratori creativi ed esperienze outdoor<\/strong>. Attivit\u00e0 non convenzionali come cene al buio o serate di improvvisazione teatrale che hanno consentito ai corsisti di sviluppare maggiori <strong>abilit\u00e0 di leadership<\/strong> e di affinare le proprie <strong>capacit\u00e0 di team building<\/strong>, riscoprendo una <strong>nuova umanit\u00e0, anche nel business<\/strong>. <\/p>\n\n\n\n<figure class=\"wp-block-image\"><img loading=\"lazy\" decoding=\"async\" width=\"1024\" height=\"768\" src=\"https:\/\/euricse.eu\/wp-content\/uploads\/2019\/06\/dynamo3-1024x768.jpg\" alt=\"\" class=\"wp-image-8623\" srcset=\"https:\/\/euricse.eu\/wp-content\/uploads\/2019\/06\/dynamo3-1024x768.jpg 1024w, https:\/\/euricse.eu\/wp-content\/uploads\/2019\/06\/dynamo3-533x400.jpg 533w, https:\/\/euricse.eu\/wp-content\/uploads\/2019\/06\/dynamo3-300x225.jpg 300w, https:\/\/euricse.eu\/wp-content\/uploads\/2019\/06\/dynamo3-768x576.jpg 768w, https:\/\/euricse.eu\/wp-content\/uploads\/2019\/06\/dynamo3.jpg 1416w\" sizes=\"auto, (max-width: 1024px) 100vw, 1024px\" \/><figcaption>Un momento di riposo durante l&#8217;attivit\u00e0 outdoor a Limestre<\/figcaption><\/figure>\n\n\n\n<p>Un percorso che li ha portati a lavorare in team per elaborare dei <strong>project work<\/strong>: idee concrete che potrebbero presto diventare realt\u00e0. Dalla creazione di un\u2019App che indica i posti di ristoro per persone disabili lungo la rete delle statali italiane (messa a punto da Anas) alla prevenzione del dissesto idrogeologico con la collaborazione di una startup innovativa che ha sviluppato droni per la geomappatura fluviale (idea promossa da Reale Mutua) alla messa a disposizione di spazi dismessi per laboratori di inserimento laboratorio (proposta del Gruppo di Ferrovie dello Stato). Esempi efficaci che dimostrano come le ragioni di business potrebbero efficacemente combaciare con <strong>obiettivi etici e di sostenibilit\u00e0 sociale, culturale, ambientale<\/strong>. <\/p>\n\n\n\n<figure class=\"wp-block-image\"><img loading=\"lazy\" decoding=\"async\" width=\"1024\" height=\"682\" src=\"https:\/\/euricse.eu\/wp-content\/uploads\/2019\/06\/Gionata07-27-2-1280x853-1024x682.jpg\" alt=\"\" class=\"wp-image-8627\" srcset=\"https:\/\/euricse.eu\/wp-content\/uploads\/2019\/06\/Gionata07-27-2-1280x853-1024x682.jpg 1024w, https:\/\/euricse.eu\/wp-content\/uploads\/2019\/06\/Gionata07-27-2-1280x853-600x400.jpg 600w, https:\/\/euricse.eu\/wp-content\/uploads\/2019\/06\/Gionata07-27-2-1280x853-300x200.jpg 300w, https:\/\/euricse.eu\/wp-content\/uploads\/2019\/06\/Gionata07-27-2-1280x853-768x512.jpg 768w, https:\/\/euricse.eu\/wp-content\/uploads\/2019\/06\/Gionata07-27-2-1280x853.jpg 1280w\" sizes=\"auto, (max-width: 1024px) 100vw, 1024px\" \/><figcaption>Lo staff dell&#8217;Executive School con i nostri Gianluca Salvatori e Paolo Fontana<\/figcaption><\/figure>\n\n\n\n<p><em>\u00abLa Corporate Social Responsability, cos\u00ec come \u00e8 stata pensata fino a qualche anno fa, non basta pi\u00f9. Oggi, dobbiamo passare dal mantra dell\u2019 \u201call for business\u201d a quello del \u201cbusiness for all\u201d. Ci\u00f2 significa integrare i valori legati alla sostenibilit\u00e0 d\u2019impresa direttamente nel proprio piano strategico, con la consapevolezza che ne beneficeranno sia la comunit\u00e0 che i bilanci. Un\u2019azienda che genera valore sociale condiviso \u00e8 infatti pi\u00f9 resiliente e performante\u00bb&nbsp;&#8211; <\/em>conferma <strong>Paolo Fontana, responsabile formazione Euricse<\/strong>, anticipando che <strong>l\u2019Executive School torner\u00e0 anche il prossimo anno con una nuova edizione<\/strong> per diffondere sempre di pi\u00f9 il messaggio che realizzare un pieno equilibrio tra profitto e sostenibilit\u00e0 non \u00e8 un\u2019utopia. Anzi, come diceva Olivetti: <em>\u00ab<\/em>Il <em>termine utopia \u00e8 la maniera pi\u00f9 comoda per liquidare quello che non si ha voglia, capacit\u00e0 o coraggio di fare. Un sogno sembra un sogno fino a quando non si comincia a lavorarci. E allora pu\u00f2 diventare qualcosa di infinitamente pi\u00f9 grande\u00bb.<\/em><\/p>\n\n\n\n<p><\/p>\n","protected":false},"excerpt":{"rendered":"<p>di Silvia Pagliuca \u00abPu\u00f2 l&#8217;industria darsi dei fini? Si trovano questi semplicemente nell&#8217;indice dei profitti? Non vi \u00e8 qualcosa di pi\u00f9 affascinante, una destinazione, una vocazione anche nella vita di una fabbrica?\u00bb. A chiederselo fu \u2013 prima di altri &#8211; Adriano Olivetti, imprenditore che seppe trasformare la propria industria in un laboratorio culturale destinato ad [&hellip;]<\/p>\n","protected":false},"author":30,"featured_media":8625,"comment_status":"open","ping_status":"closed","sticky":false,"template":"","format":"standard","meta":{"_acf_changed":false,"episode_type":"","audio_file":"","cover_image":"","cover_image_id":"","duration":"","filesize":"","date_recorded":"","explicit":"","block":"","itunes_episode_number":"","itunes_title":"","itunes_season_number":"","itunes_episode_type":"","filesize_raw":"","footnotes":""},"categories":[1,12,14,17],"tags":[65,651,652,725,726,727,728,729],"class_list":["post-8620","post","type-post","status-publish","format-standard","has-post-thumbnail","hentry","category-blog","category-news","category-blog-it","category-news-it","tag-welfare","tag-euricse","tag-non-profit","tag-fondazione-olivetti","tag-dynamo-camp","tag-limestre","tag-impresa-sostenibile","tag-executive-school"],"acf":[],"yoast_head":"<!-- This site is optimized with the Yoast SEO plugin v26.1.1 - https:\/\/yoast.com\/wordpress\/plugins\/seo\/ -->\n<title>Dall\u2019\u00aball for business\u00bb al \u00abbusiness for all\u00bb: a scuola di impresa sostenibile con Euricse, Dynamo Camp e Fondazione Adriano Olivetti - Euricse<\/title>\n<meta name=\"robots\" content=\"index, follow, max-snippet:-1, max-image-preview:large, max-video-preview:-1\" \/>\n<link rel=\"canonical\" href=\"https:\/\/euricse.eu\/it\/dallall-for-business-al-business-for-all-a-scuola-di-impresa-sostenibile-con-euricse-dynamo-camp-e-fondazione-adriano-olivetti\/\" \/>\n<meta property=\"og:locale\" content=\"it_IT\" \/>\n<meta property=\"og:type\" content=\"article\" \/>\n<meta property=\"og:title\" content=\"Dall\u2019\u00aball for business\u00bb al \u00abbusiness for all\u00bb: a scuola di impresa sostenibile con Euricse, Dynamo Camp e Fondazione Adriano Olivetti - Euricse\" \/>\n<meta property=\"og:description\" content=\"di Silvia Pagliuca \u00abPu\u00f2 l&#8217;industria darsi dei fini? Si trovano questi semplicemente nell&#8217;indice dei profitti? Non vi \u00e8 qualcosa di pi\u00f9 affascinante, una destinazione, una vocazione anche nella vita di una fabbrica?\u00bb. A chiederselo fu \u2013 prima di altri &#8211; Adriano Olivetti, imprenditore che seppe trasformare la propria industria in un laboratorio culturale destinato ad [&hellip;]\" \/>\n<meta property=\"og:url\" content=\"https:\/\/euricse.eu\/it\/dallall-for-business-al-business-for-all-a-scuola-di-impresa-sostenibile-con-euricse-dynamo-camp-e-fondazione-adriano-olivetti\/\" \/>\n<meta property=\"og:site_name\" content=\"Euricse\" \/>\n<meta property=\"article:published_time\" content=\"2019-06-24T14:28:18+00:00\" \/>\n<meta property=\"article:modified_time\" content=\"2019-06-24T14:29:59+00:00\" \/>\n<meta property=\"og:image\" content=\"https:\/\/euricse.eu\/wp-content\/uploads\/2019\/06\/Gionata07-25-2-1280x853.jpg\" \/>\n\t<meta property=\"og:image:width\" content=\"1280\" \/>\n\t<meta property=\"og:image:height\" content=\"853\" \/>\n\t<meta property=\"og:image:type\" content=\"image\/jpeg\" \/>\n<meta name=\"author\" content=\"redazione\" \/>\n<meta name=\"twitter:card\" content=\"summary_large_image\" \/>\n<meta name=\"twitter:label1\" content=\"Scritto da\" \/>\n\t<meta name=\"twitter:data1\" content=\"redazione\" \/>\n\t<meta name=\"twitter:label2\" content=\"Tempo di lettura stimato\" \/>\n\t<meta name=\"twitter:data2\" content=\"3 minuti\" \/>\n<script type=\"application\/ld+json\" class=\"yoast-schema-graph\">{\"@context\":\"https:\/\/schema.org\",\"@graph\":[{\"@type\":\"WebPage\",\"@id\":\"https:\/\/euricse.eu\/it\/dallall-for-business-al-business-for-all-a-scuola-di-impresa-sostenibile-con-euricse-dynamo-camp-e-fondazione-adriano-olivetti\/\",\"url\":\"https:\/\/euricse.eu\/it\/dallall-for-business-al-business-for-all-a-scuola-di-impresa-sostenibile-con-euricse-dynamo-camp-e-fondazione-adriano-olivetti\/\",\"name\":\"Dall\u2019\u00aball for business\u00bb al \u00abbusiness for all\u00bb: a scuola di impresa sostenibile con Euricse, Dynamo Camp e Fondazione Adriano Olivetti - Euricse\",\"isPartOf\":{\"@id\":\"https:\/\/euricse.eu\/en\/#website\"},\"primaryImageOfPage\":{\"@id\":\"https:\/\/euricse.eu\/it\/dallall-for-business-al-business-for-all-a-scuola-di-impresa-sostenibile-con-euricse-dynamo-camp-e-fondazione-adriano-olivetti\/#primaryimage\"},\"image\":{\"@id\":\"https:\/\/euricse.eu\/it\/dallall-for-business-al-business-for-all-a-scuola-di-impresa-sostenibile-con-euricse-dynamo-camp-e-fondazione-adriano-olivetti\/#primaryimage\"},\"thumbnailUrl\":\"https:\/\/euricse.eu\/wp-content\/uploads\/2019\/06\/Gionata07-25-2-1280x853.jpg\",\"datePublished\":\"2019-06-24T14:28:18+00:00\",\"dateModified\":\"2019-06-24T14:29:59+00:00\",\"author\":{\"@id\":\"https:\/\/euricse.eu\/en\/#\/schema\/person\/46be9426d76e3114ba478b69f3d8040b\"},\"breadcrumb\":{\"@id\":\"https:\/\/euricse.eu\/it\/dallall-for-business-al-business-for-all-a-scuola-di-impresa-sostenibile-con-euricse-dynamo-camp-e-fondazione-adriano-olivetti\/#breadcrumb\"},\"inLanguage\":\"it-IT\",\"potentialAction\":[{\"@type\":\"ReadAction\",\"target\":[\"https:\/\/euricse.eu\/it\/dallall-for-business-al-business-for-all-a-scuola-di-impresa-sostenibile-con-euricse-dynamo-camp-e-fondazione-adriano-olivetti\/\"]}]},{\"@type\":\"ImageObject\",\"inLanguage\":\"it-IT\",\"@id\":\"https:\/\/euricse.eu\/it\/dallall-for-business-al-business-for-all-a-scuola-di-impresa-sostenibile-con-euricse-dynamo-camp-e-fondazione-adriano-olivetti\/#primaryimage\",\"url\":\"https:\/\/euricse.eu\/wp-content\/uploads\/2019\/06\/Gionata07-25-2-1280x853.jpg\",\"contentUrl\":\"https:\/\/euricse.eu\/wp-content\/uploads\/2019\/06\/Gionata07-25-2-1280x853.jpg\",\"width\":1280,\"height\":853},{\"@type\":\"BreadcrumbList\",\"@id\":\"https:\/\/euricse.eu\/it\/dallall-for-business-al-business-for-all-a-scuola-di-impresa-sostenibile-con-euricse-dynamo-camp-e-fondazione-adriano-olivetti\/#breadcrumb\",\"itemListElement\":[{\"@type\":\"ListItem\",\"position\":1,\"name\":\"Home\",\"item\":\"https:\/\/euricse.eu\/it\/\"},{\"@type\":\"ListItem\",\"position\":2,\"name\":\"Dall\u2019\u00aball for business\u00bb al \u00abbusiness for all\u00bb: a scuola di impresa sostenibile con Euricse, Dynamo Camp e Fondazione Adriano Olivetti\"}]},{\"@type\":\"WebSite\",\"@id\":\"https:\/\/euricse.eu\/en\/#website\",\"url\":\"https:\/\/euricse.eu\/en\/\",\"name\":\"Euricse\",\"description\":\"Knowledge and innovation for cooperative and social enterprises.\",\"potentialAction\":[{\"@type\":\"SearchAction\",\"target\":{\"@type\":\"EntryPoint\",\"urlTemplate\":\"https:\/\/euricse.eu\/en\/?s={search_term_string}\"},\"query-input\":{\"@type\":\"PropertyValueSpecification\",\"valueRequired\":true,\"valueName\":\"search_term_string\"}}],\"inLanguage\":\"it-IT\"},{\"@type\":\"Person\",\"@id\":\"https:\/\/euricse.eu\/en\/#\/schema\/person\/46be9426d76e3114ba478b69f3d8040b\",\"name\":\"redazione\",\"image\":{\"@type\":\"ImageObject\",\"inLanguage\":\"it-IT\",\"@id\":\"https:\/\/euricse.eu\/en\/#\/schema\/person\/image\/\",\"url\":\"https:\/\/secure.gravatar.com\/avatar\/d1e5fb76fa001722a0822f32de0a8935d9c7a01b0f055f16dc71df73252c3c50?s=96&d=mm&r=g\",\"contentUrl\":\"https:\/\/secure.gravatar.com\/avatar\/d1e5fb76fa001722a0822f32de0a8935d9c7a01b0f055f16dc71df73252c3c50?s=96&d=mm&r=g\",\"caption\":\"redazione\"},\"url\":\"https:\/\/euricse.eu\/it\/author\/marikadmin\/\"}]}<\/script>\n<!-- \/ Yoast SEO plugin. -->","yoast_head_json":{"title":"Dall\u2019\u00aball for business\u00bb al \u00abbusiness for all\u00bb: a scuola di impresa sostenibile con Euricse, Dynamo Camp e Fondazione Adriano Olivetti - Euricse","robots":{"index":"index","follow":"follow","max-snippet":"max-snippet:-1","max-image-preview":"max-image-preview:large","max-video-preview":"max-video-preview:-1"},"canonical":"https:\/\/euricse.eu\/it\/dallall-for-business-al-business-for-all-a-scuola-di-impresa-sostenibile-con-euricse-dynamo-camp-e-fondazione-adriano-olivetti\/","og_locale":"it_IT","og_type":"article","og_title":"Dall\u2019\u00aball for business\u00bb al \u00abbusiness for all\u00bb: a scuola di impresa sostenibile con Euricse, Dynamo Camp e Fondazione Adriano Olivetti - Euricse","og_description":"di Silvia Pagliuca \u00abPu\u00f2 l&#8217;industria darsi dei fini? Si trovano questi semplicemente nell&#8217;indice dei profitti? Non vi \u00e8 qualcosa di pi\u00f9 affascinante, una destinazione, una vocazione anche nella vita di una fabbrica?\u00bb. A chiederselo fu \u2013 prima di altri &#8211; Adriano Olivetti, imprenditore che seppe trasformare la propria industria in un laboratorio culturale destinato ad [&hellip;]","og_url":"https:\/\/euricse.eu\/it\/dallall-for-business-al-business-for-all-a-scuola-di-impresa-sostenibile-con-euricse-dynamo-camp-e-fondazione-adriano-olivetti\/","og_site_name":"Euricse","article_published_time":"2019-06-24T14:28:18+00:00","article_modified_time":"2019-06-24T14:29:59+00:00","og_image":[{"width":1280,"height":853,"url":"https:\/\/euricse.eu\/wp-content\/uploads\/2019\/06\/Gionata07-25-2-1280x853.jpg","type":"image\/jpeg"}],"author":"redazione","twitter_card":"summary_large_image","twitter_misc":{"Scritto da":"redazione","Tempo di lettura stimato":"3 minuti"},"schema":{"@context":"https:\/\/schema.org","@graph":[{"@type":"WebPage","@id":"https:\/\/euricse.eu\/it\/dallall-for-business-al-business-for-all-a-scuola-di-impresa-sostenibile-con-euricse-dynamo-camp-e-fondazione-adriano-olivetti\/","url":"https:\/\/euricse.eu\/it\/dallall-for-business-al-business-for-all-a-scuola-di-impresa-sostenibile-con-euricse-dynamo-camp-e-fondazione-adriano-olivetti\/","name":"Dall\u2019\u00aball for business\u00bb al \u00abbusiness for all\u00bb: a scuola di impresa sostenibile con Euricse, Dynamo Camp e Fondazione Adriano Olivetti - Euricse","isPartOf":{"@id":"https:\/\/euricse.eu\/en\/#website"},"primaryImageOfPage":{"@id":"https:\/\/euricse.eu\/it\/dallall-for-business-al-business-for-all-a-scuola-di-impresa-sostenibile-con-euricse-dynamo-camp-e-fondazione-adriano-olivetti\/#primaryimage"},"image":{"@id":"https:\/\/euricse.eu\/it\/dallall-for-business-al-business-for-all-a-scuola-di-impresa-sostenibile-con-euricse-dynamo-camp-e-fondazione-adriano-olivetti\/#primaryimage"},"thumbnailUrl":"https:\/\/euricse.eu\/wp-content\/uploads\/2019\/06\/Gionata07-25-2-1280x853.jpg","datePublished":"2019-06-24T14:28:18+00:00","dateModified":"2019-06-24T14:29:59+00:00","author":{"@id":"https:\/\/euricse.eu\/en\/#\/schema\/person\/46be9426d76e3114ba478b69f3d8040b"},"breadcrumb":{"@id":"https:\/\/euricse.eu\/it\/dallall-for-business-al-business-for-all-a-scuola-di-impresa-sostenibile-con-euricse-dynamo-camp-e-fondazione-adriano-olivetti\/#breadcrumb"},"inLanguage":"it-IT","potentialAction":[{"@type":"ReadAction","target":["https:\/\/euricse.eu\/it\/dallall-for-business-al-business-for-all-a-scuola-di-impresa-sostenibile-con-euricse-dynamo-camp-e-fondazione-adriano-olivetti\/"]}]},{"@type":"ImageObject","inLanguage":"it-IT","@id":"https:\/\/euricse.eu\/it\/dallall-for-business-al-business-for-all-a-scuola-di-impresa-sostenibile-con-euricse-dynamo-camp-e-fondazione-adriano-olivetti\/#primaryimage","url":"https:\/\/euricse.eu\/wp-content\/uploads\/2019\/06\/Gionata07-25-2-1280x853.jpg","contentUrl":"https:\/\/euricse.eu\/wp-content\/uploads\/2019\/06\/Gionata07-25-2-1280x853.jpg","width":1280,"height":853},{"@type":"BreadcrumbList","@id":"https:\/\/euricse.eu\/it\/dallall-for-business-al-business-for-all-a-scuola-di-impresa-sostenibile-con-euricse-dynamo-camp-e-fondazione-adriano-olivetti\/#breadcrumb","itemListElement":[{"@type":"ListItem","position":1,"name":"Home","item":"https:\/\/euricse.eu\/it\/"},{"@type":"ListItem","position":2,"name":"Dall\u2019\u00aball for business\u00bb al \u00abbusiness for all\u00bb: a scuola di impresa sostenibile con Euricse, Dynamo Camp e Fondazione Adriano Olivetti"}]},{"@type":"WebSite","@id":"https:\/\/euricse.eu\/en\/#website","url":"https:\/\/euricse.eu\/en\/","name":"Euricse","description":"Knowledge and innovation for cooperative and social enterprises.","potentialAction":[{"@type":"SearchAction","target":{"@type":"EntryPoint","urlTemplate":"https:\/\/euricse.eu\/en\/?s={search_term_string}"},"query-input":{"@type":"PropertyValueSpecification","valueRequired":true,"valueName":"search_term_string"}}],"inLanguage":"it-IT"},{"@type":"Person","@id":"https:\/\/euricse.eu\/en\/#\/schema\/person\/46be9426d76e3114ba478b69f3d8040b","name":"redazione","image":{"@type":"ImageObject","inLanguage":"it-IT","@id":"https:\/\/euricse.eu\/en\/#\/schema\/person\/image\/","url":"https:\/\/secure.gravatar.com\/avatar\/d1e5fb76fa001722a0822f32de0a8935d9c7a01b0f055f16dc71df73252c3c50?s=96&d=mm&r=g","contentUrl":"https:\/\/secure.gravatar.com\/avatar\/d1e5fb76fa001722a0822f32de0a8935d9c7a01b0f055f16dc71df73252c3c50?s=96&d=mm&r=g","caption":"redazione"},"url":"https:\/\/euricse.eu\/it\/author\/marikadmin\/"}]}},"_links":{"self":[{"href":"https:\/\/euricse.eu\/it\/wp-json\/wp\/v2\/posts\/8620","targetHints":{"allow":["GET"]}}],"collection":[{"href":"https:\/\/euricse.eu\/it\/wp-json\/wp\/v2\/posts"}],"about":[{"href":"https:\/\/euricse.eu\/it\/wp-json\/wp\/v2\/types\/post"}],"author":[{"embeddable":true,"href":"https:\/\/euricse.eu\/it\/wp-json\/wp\/v2\/users\/30"}],"replies":[{"embeddable":true,"href":"https:\/\/euricse.eu\/it\/wp-json\/wp\/v2\/comments?post=8620"}],"version-history":[{"count":0,"href":"https:\/\/euricse.eu\/it\/wp-json\/wp\/v2\/posts\/8620\/revisions"}],"wp:featuredmedia":[{"embeddable":true,"href":"https:\/\/euricse.eu\/it\/wp-json\/wp\/v2\/media\/8625"}],"wp:attachment":[{"href":"https:\/\/euricse.eu\/it\/wp-json\/wp\/v2\/media?parent=8620"}],"wp:term":[{"taxonomy":"category","embeddable":true,"href":"https:\/\/euricse.eu\/it\/wp-json\/wp\/v2\/categories?post=8620"},{"taxonomy":"post_tag","embeddable":true,"href":"https:\/\/euricse.eu\/it\/wp-json\/wp\/v2\/tags?post=8620"}],"curies":[{"name":"wp","href":"https:\/\/api.w.org\/{rel}","templated":true}]}}