{"id":8745,"date":"2019-07-09T13:39:52","date_gmt":"2019-07-09T12:39:52","guid":{"rendered":"https:\/\/euricse.staging.hgblu.com\/?p=8745"},"modified":"2019-08-06T11:54:28","modified_gmt":"2019-08-06T10:54:28","slug":"a-manerba-sul-garda-la-villetta-dei-boss-torna-alla-comunita","status":"publish","type":"post","link":"https:\/\/euricse.eu\/it\/a-manerba-sul-garda-la-villetta-dei-boss-torna-alla-comunita\/","title":{"rendered":"A Manerba sul Garda la villetta dei boss torna alla comunit\u00e0"},"content":{"rendered":"\n<p>Euricse, attraverso <a rel=\"noreferrer noopener\" aria-label=\"SIBEC (opens in a new tab)\" href=\"https:\/\/www.sibec.eu\/\" target=\"_blank\">SIBEC<\/a>, la prima Scuola Italiana dei Beni Comuni, e <a rel=\"noreferrer noopener\" aria-label=\"Labsus  (opens in a new tab)\" href=\"https:\/\/www.labsus.org\/\" target=\"_blank\">Labsus <\/a>Laboratorio per la Sussidiariet\u00e0, accompagna il progetto <a rel=\"noreferrer noopener\" aria-label=\"Legami Leali (opens in a new tab)\" href=\"http:\/\/legamileali.it\/\" target=\"_blank\">Legami Leali<\/a> nella <strong>riattivazione di 5 immobili confiscati alle mafie<\/strong> sul lago di Garda. L\u2019iniziativa parte da una villetta di 2 piani a <strong>Manerba <\/strong>che diventer\u00e0 una \u201c<strong>casa della legalit\u00e0<\/strong>\u201d per attivit\u00e0 esperienziali aperte alle scuole e ai turisti. E a dare man forte al progetto, sono i ragazzi di <a rel=\"noreferrer noopener\" aria-label=\"Libera  (opens in a new tab)\" href=\"http:\/\/www.libera.it\/\" target=\"_blank\">Libera <\/a>contro le Mafie, questa settimana con il campo <a rel=\"noreferrer noopener\" aria-label=\"E!State Liberi (opens in a new tab)\" href=\"http:\/\/www.libera.it\/schede-22-estateliberi\" target=\"_blank\">E!State Liberi<\/a> &#8220;Liberi e Forti&#8221;.<\/p>\n\n\n\n<figure class=\"wp-block-image\"><img loading=\"lazy\" decoding=\"async\" width=\"1024\" height=\"768\" src=\"https:\/\/euricse.eu\/wp-content\/uploads\/2019\/07\/legamiLeali-5-3-1024x768.jpg\" alt=\"\" class=\"wp-image-8767\" srcset=\"https:\/\/euricse.eu\/wp-content\/uploads\/2019\/07\/legamiLeali-5-3-1024x768.jpg 1024w, https:\/\/euricse.eu\/wp-content\/uploads\/2019\/07\/legamiLeali-5-3-533x400.jpg 533w, https:\/\/euricse.eu\/wp-content\/uploads\/2019\/07\/legamiLeali-5-3-300x225.jpg 300w, https:\/\/euricse.eu\/wp-content\/uploads\/2019\/07\/legamiLeali-5-3-768x576.jpg 768w\" sizes=\"auto, (max-width: 1024px) 100vw, 1024px\" \/><figcaption>La villetta confiscata alla mafia in via di riattivazione a Manerba<\/figcaption><\/figure>\n\n\n\n<p>Recuperare un immobile confiscato alla malavita e trasformarlo nella &#8220;<strong>casa della legalit\u00e0<\/strong>&#8220;. Accade a Manerba, paese di 5.363 abitanti affacciato sul versante lombardo del lago di Garda, dove Euricse, tramite SIBEC, Scuola Italiana dei Beni Comuni, sta contribuendo allo sviluppo di Legami Leali, progetto triennale di <strong>welfare comunitario<\/strong> avviato a ottobre 2018 nell\u2019ambito del programma <a rel=\"noreferrer noopener\" aria-label=\"Welfare in azione (opens in a new tab)\" href=\"http:\/\/welfareinazione.fondazionecariplo.it\/it\/\" target=\"_blank\">Welfare in azione<\/a>, finanziato da <strong>Fondazione Cariplo<\/strong>. <\/p>\n\n\n\n<p>Il progetto Legami Leali coinvolge i <strong>22 comuni del Garda bresciano<\/strong> con l\u2019obiettivo di rinnovare e rafforzare una dimensione comunitaria che negli ultimi anni sembra essersi indebolita: sono infatti in aumento comportamenti trasgressivi e di devianza, sostenuti da una cultura individualistica disabituata alla corresponsabilit\u00e0 che ha favorito il perpetrarsi delle mafie. Da qui, l\u2019idea di potenziare la <strong>rete tra servizi, territorio e cittadini<\/strong>. <\/p>\n\n\n\n<p>La villetta di Manerba si compone di 2 piani di 87,5 mq ciascuno ed \u00e8 stata <strong>confiscata<\/strong> <strong>definitivamente nel 2005<\/strong> a Michele e Graziantonio Ciccimarra coinvolti, secondo quanto riportato dagli inquirenti, in un grosso traffico di droga. Il piano terra conta 3 locali, attualmente adibiti ad ambulatori\/uffici dell\u2019AVIS Valtenesi &#8211; che li utilizza una volta al mese circa -, mentre il piano interrato ospita un archivio comunale. L\u2019immobile ha anche un piccolo giardino ed \u00e8, in generale, in buone condizioni. <\/p>\n\n\n\n<figure class=\"wp-block-image\"><img loading=\"lazy\" decoding=\"async\" width=\"1024\" height=\"768\" src=\"https:\/\/euricse.eu\/wp-content\/uploads\/2019\/07\/legamiLeali-3-1024x768.jpg\" alt=\"\" class=\"wp-image-8748\" srcset=\"https:\/\/euricse.eu\/wp-content\/uploads\/2019\/07\/legamiLeali-3-1024x768.jpg 1024w, https:\/\/euricse.eu\/wp-content\/uploads\/2019\/07\/legamiLeali-3-533x400.jpg 533w, https:\/\/euricse.eu\/wp-content\/uploads\/2019\/07\/legamiLeali-3-300x225.jpg 300w, https:\/\/euricse.eu\/wp-content\/uploads\/2019\/07\/legamiLeali-3-768x576.jpg 768w\" sizes=\"auto, (max-width: 1024px) 100vw, 1024px\" \/><figcaption>Alcune iniziative di fund raising ideate da Legami Leali e proposte nella &#8220;Casa della legalit\u00e0&#8221;<\/figcaption><\/figure>\n\n\n\n<p>Ad aprile 2019 sono iniziate le prime misure di riattivazione, con il coinvolgimento della <strong>comunit\u00e0 locale<\/strong>, a partire dalle scuole. Dopo un percorso formativo sul tema delle mafie al nord e del riutilizzo sociale, a fine aprile gli studenti della classe V Geometri dell&#8217;ITC Battisti di Sal\u00f2 hanno realizzato uno studio degli spazi, mentre le classi V del liceo scientifico E. Fermi di Sal\u00f2 hanno sviluppato un \u00ab<strong>word caf\u00e8<\/strong>\u00bb sul tema del riutilizzo. <\/p>\n\n\n\n<figure class=\"wp-block-image\"><img loading=\"lazy\" decoding=\"async\" width=\"1024\" height=\"768\" src=\"https:\/\/euricse.eu\/wp-content\/uploads\/2019\/07\/legamiLeali_formazioneEuricseRid-1024x768.jpg\" alt=\"\" class=\"wp-image-8752\" srcset=\"https:\/\/euricse.eu\/wp-content\/uploads\/2019\/07\/legamiLeali_formazioneEuricseRid-1024x768.jpg 1024w, https:\/\/euricse.eu\/wp-content\/uploads\/2019\/07\/legamiLeali_formazioneEuricseRid-533x400.jpg 533w, https:\/\/euricse.eu\/wp-content\/uploads\/2019\/07\/legamiLeali_formazioneEuricseRid-300x225.jpg 300w, https:\/\/euricse.eu\/wp-content\/uploads\/2019\/07\/legamiLeali_formazioneEuricseRid-768x576.jpg 768w, https:\/\/euricse.eu\/wp-content\/uploads\/2019\/07\/legamiLeali_formazioneEuricseRid.jpg 2016w\" sizes=\"auto, (max-width: 1024px) 100vw, 1024px\" \/><figcaption>Flaviano Zandonai durante un momento di formazione<\/figcaption><\/figure>\n\n\n\n<p>E qui sono entrati in campo Euricse e Labsus, occupandosi di realizzare uno <strong>studio di fattibilit\u00e0<\/strong> sul progetto e di impostare le attivit\u00e0 di rigenerazione dell\u2019immobile, coordinate dal ricercatore <strong>Flaviano Zandonai<\/strong>. A questa fase sta dando un contributo molto importante anche il campo <strong>E!State Liberi &#8220;Liberi e Forti&#8221; di LIBERA contro le Mafie<\/strong> che si tiene dal 7 al 14 luglio. Al campo partecipano fino a 20 giovani dai 18 ai 25 anni provenienti da tutta Italia che contribuiranno a dare una nuova vita all\u2019immobile, approfondendo la tematica dell\u2019infiltrazione mafiosa al nord, della legalit\u00e0 e della cittadinanza attiva. <\/p>\n\n\n\n<figure class=\"wp-block-image\"><img loading=\"lazy\" decoding=\"async\" width=\"1024\" height=\"768\" src=\"https:\/\/euricse.eu\/wp-content\/uploads\/2019\/07\/legamiLealiLibera2-1024x768.jpg\" alt=\"\" class=\"wp-image-8750\" srcset=\"https:\/\/euricse.eu\/wp-content\/uploads\/2019\/07\/legamiLealiLibera2-1024x768.jpg 1024w, https:\/\/euricse.eu\/wp-content\/uploads\/2019\/07\/legamiLealiLibera2-533x400.jpg 533w, https:\/\/euricse.eu\/wp-content\/uploads\/2019\/07\/legamiLealiLibera2-300x225.jpg 300w, https:\/\/euricse.eu\/wp-content\/uploads\/2019\/07\/legamiLealiLibera2-768x576.jpg 768w, https:\/\/euricse.eu\/wp-content\/uploads\/2019\/07\/legamiLealiLibera2.jpg 1599w\" sizes=\"auto, (max-width: 1024px) 100vw, 1024px\" \/><figcaption>Il primo incontro della settimana con i ragazzi del campo di Libera<\/figcaption><\/figure>\n\n\n\n<blockquote class=\"wp-block-quote is-layout-flow wp-block-quote-is-layout-flow\"><p>\u00abLa riattivazione di quest\u2019immobile si basa sul coinvolgimento di tutta la comunit\u00e0: il nostro compito di esperti \u00e8 quello di trovare un <strong>modello di business<\/strong> che sia al contempo <strong>sostenibile economicamente e partecipato<\/strong>\u00bb<\/p><cite><strong>llana Gotz<\/strong>, Euricse <\/cite><\/blockquote>\n\n\n\n<p><strong>Legami Leali<\/strong>, partito a ottobre 2018, avr\u00e0 durata triennale con capofila l\u2019Azienda Speciale Consortile Garda Sociale (ente gestore dei servizi sociali per i comuni dell&#8217;Ambito 11-Garda) e enti partner: Consorzio LAGHI, Consorzio TENDA Solidariet\u00e0 e Cooperazione Brescia Est, Cooperativa Area, Cooperativa Il Calabrone, Cooperativa La Sorgente, Cooperativa La Vela, Cooperativa La Nuvola Nel Sacco, Cooperativa Tempo Libero. Nel corso del triennio, il progetto si occuper\u00e0 oltre che della riqualifica della villetta di Manerba, anche di altri <strong>4 immobili<\/strong> confiscati nei comuni di <strong>Padenghe sul Garda, Soiano del Garda, Puegnago del Garda<\/strong> (in quest&#8217;ultimo paese gli immobili sono due), costruendo esperienze condivise di cura della comunit\u00e0 per dare una sostanza tutta nuova al concetto di legalit\u00e0. <\/p>\n\n\n\n<figure class=\"wp-block-image\"><img loading=\"lazy\" decoding=\"async\" width=\"1024\" height=\"733\" src=\"https:\/\/euricse.eu\/wp-content\/uploads\/2019\/07\/legamiLealiLibera1-1024x733.jpg\" alt=\"\" class=\"wp-image-8754\" srcset=\"https:\/\/euricse.eu\/wp-content\/uploads\/2019\/07\/legamiLealiLibera1-1024x733.jpg 1024w, https:\/\/euricse.eu\/wp-content\/uploads\/2019\/07\/legamiLealiLibera1-559x400.jpg 559w, https:\/\/euricse.eu\/wp-content\/uploads\/2019\/07\/legamiLealiLibera1-300x215.jpg 300w, https:\/\/euricse.eu\/wp-content\/uploads\/2019\/07\/legamiLealiLibera1-768x550.jpg 768w, https:\/\/euricse.eu\/wp-content\/uploads\/2019\/07\/legamiLealiLibera1.jpg 1353w\" sizes=\"auto, (max-width: 1024px) 100vw, 1024px\" \/><figcaption>I volontari di Libera si rimboccano le maniche nella villetta di Manerba<\/figcaption><\/figure>\n\n\n\n<blockquote class=\"wp-block-quote is-layout-flow wp-block-quote-is-layout-flow\"><p>Legami Leali nasce dalla convinzione che la <strong>legalit\u00e0<\/strong> non \u00e8 un concetto astratto, ma un elemento essenziale che influenza la qualit\u00e0 della nostra vita e delle nostre relazioni, partendo dalla cura del prossimo e del proprio territorio. Promuoviamo quindi attivit\u00e0 di sensibilizzazione della comunit\u00e0 e delle scuole sul tema della legalit\u00e0, azioni di riutilizzo di immobili confiscati alla criminalit\u00e0 organizzata e beni comuni, percorsi di accompagnamento di minori e giovani adulti seguiti dai servizi sociali o a rischio di esclusione sociale, attraverso processi partecipati di cittadinanza attiva e di cura del territorio<\/p><cite><strong>Paolo Guglielmi<\/strong>, project manager di Legami Leali<\/cite><\/blockquote>\n","protected":false},"excerpt":{"rendered":"<p>Euricse, attraverso SIBEC, la prima Scuola Italiana dei Beni Comuni, e Labsus Laboratorio per la Sussidiariet\u00e0, accompagna il progetto Legami Leali nella riattivazione di 5 immobili confiscati alle mafie sul lago di Garda. L\u2019iniziativa parte da una villetta di 2 piani a Manerba che diventer\u00e0 una \u201ccasa della legalit\u00e0\u201d per attivit\u00e0 esperienziali aperte alle scuole [&hellip;]<\/p>\n","protected":false},"author":30,"featured_media":8747,"comment_status":"open","ping_status":"closed","sticky":false,"template":"","format":"standard","meta":{"_acf_changed":false,"episode_type":"","audio_file":"","cover_image":"","cover_image_id":"","duration":"","filesize":"","date_recorded":"","explicit":"","block":"","itunes_episode_number":"","itunes_title":"","itunes_season_number":"","itunes_episode_type":"","filesize_raw":"","footnotes":""},"categories":[14,17],"tags":[264,749,750],"class_list":["post-8745","post","type-post","status-publish","format-standard","has-post-thumbnail","hentry","category-blog-it","category-news-it","tag-formazione","tag-legami-leali","tag-legalita"],"acf":[],"yoast_head":"<!-- This site is optimized with the Yoast SEO plugin v26.1.1 - https:\/\/yoast.com\/wordpress\/plugins\/seo\/ -->\n<title>A Manerba sul Garda la villetta dei boss torna alla comunit\u00e0 - Euricse<\/title>\n<meta name=\"robots\" content=\"index, follow, max-snippet:-1, max-image-preview:large, max-video-preview:-1\" \/>\n<link rel=\"canonical\" href=\"https:\/\/euricse.eu\/it\/a-manerba-sul-garda-la-villetta-dei-boss-torna-alla-comunita\/\" \/>\n<meta property=\"og:locale\" content=\"it_IT\" \/>\n<meta property=\"og:type\" content=\"article\" \/>\n<meta property=\"og:title\" content=\"A Manerba sul Garda la villetta dei boss torna alla comunit\u00e0 - Euricse\" \/>\n<meta property=\"og:description\" content=\"Euricse, attraverso SIBEC, la prima Scuola Italiana dei Beni Comuni, e Labsus Laboratorio per la Sussidiariet\u00e0, accompagna il progetto Legami Leali nella riattivazione di 5 immobili confiscati alle mafie sul lago di Garda. L\u2019iniziativa parte da una villetta di 2 piani a Manerba che diventer\u00e0 una \u201ccasa della legalit\u00e0\u201d per attivit\u00e0 esperienziali aperte alle scuole [&hellip;]\" \/>\n<meta property=\"og:url\" content=\"https:\/\/euricse.eu\/it\/a-manerba-sul-garda-la-villetta-dei-boss-torna-alla-comunita\/\" \/>\n<meta property=\"og:site_name\" content=\"Euricse\" \/>\n<meta property=\"article:published_time\" content=\"2019-07-09T12:39:52+00:00\" \/>\n<meta property=\"article:modified_time\" content=\"2019-08-06T10:54:28+00:00\" \/>\n<meta property=\"og:image\" content=\"https:\/\/euricse.eu\/wp-content\/uploads\/2019\/07\/legamiLeali_casaLegalitaManerbaRid.jpg\" \/>\n\t<meta property=\"og:image:width\" content=\"2000\" \/>\n\t<meta property=\"og:image:height\" content=\"1500\" \/>\n\t<meta property=\"og:image:type\" content=\"image\/jpeg\" \/>\n<meta name=\"author\" content=\"redazione\" \/>\n<meta name=\"twitter:card\" content=\"summary_large_image\" \/>\n<meta name=\"twitter:label1\" content=\"Scritto da\" \/>\n\t<meta name=\"twitter:data1\" content=\"redazione\" \/>\n\t<meta name=\"twitter:label2\" content=\"Tempo di lettura stimato\" \/>\n\t<meta name=\"twitter:data2\" content=\"4 minuti\" \/>\n<script type=\"application\/ld+json\" class=\"yoast-schema-graph\">{\"@context\":\"https:\/\/schema.org\",\"@graph\":[{\"@type\":\"WebPage\",\"@id\":\"https:\/\/euricse.eu\/it\/a-manerba-sul-garda-la-villetta-dei-boss-torna-alla-comunita\/\",\"url\":\"https:\/\/euricse.eu\/it\/a-manerba-sul-garda-la-villetta-dei-boss-torna-alla-comunita\/\",\"name\":\"A Manerba sul Garda la villetta dei boss torna alla comunit\u00e0 - Euricse\",\"isPartOf\":{\"@id\":\"https:\/\/euricse.eu\/en\/#website\"},\"primaryImageOfPage\":{\"@id\":\"https:\/\/euricse.eu\/it\/a-manerba-sul-garda-la-villetta-dei-boss-torna-alla-comunita\/#primaryimage\"},\"image\":{\"@id\":\"https:\/\/euricse.eu\/it\/a-manerba-sul-garda-la-villetta-dei-boss-torna-alla-comunita\/#primaryimage\"},\"thumbnailUrl\":\"https:\/\/euricse.eu\/wp-content\/uploads\/2019\/07\/legamiLeali_casaLegalitaManerbaRid.jpg\",\"datePublished\":\"2019-07-09T12:39:52+00:00\",\"dateModified\":\"2019-08-06T10:54:28+00:00\",\"author\":{\"@id\":\"https:\/\/euricse.eu\/en\/#\/schema\/person\/46be9426d76e3114ba478b69f3d8040b\"},\"breadcrumb\":{\"@id\":\"https:\/\/euricse.eu\/it\/a-manerba-sul-garda-la-villetta-dei-boss-torna-alla-comunita\/#breadcrumb\"},\"inLanguage\":\"it-IT\",\"potentialAction\":[{\"@type\":\"ReadAction\",\"target\":[\"https:\/\/euricse.eu\/it\/a-manerba-sul-garda-la-villetta-dei-boss-torna-alla-comunita\/\"]}]},{\"@type\":\"ImageObject\",\"inLanguage\":\"it-IT\",\"@id\":\"https:\/\/euricse.eu\/it\/a-manerba-sul-garda-la-villetta-dei-boss-torna-alla-comunita\/#primaryimage\",\"url\":\"https:\/\/euricse.eu\/wp-content\/uploads\/2019\/07\/legamiLeali_casaLegalitaManerbaRid.jpg\",\"contentUrl\":\"https:\/\/euricse.eu\/wp-content\/uploads\/2019\/07\/legamiLeali_casaLegalitaManerbaRid.jpg\",\"width\":2000,\"height\":1500},{\"@type\":\"BreadcrumbList\",\"@id\":\"https:\/\/euricse.eu\/it\/a-manerba-sul-garda-la-villetta-dei-boss-torna-alla-comunita\/#breadcrumb\",\"itemListElement\":[{\"@type\":\"ListItem\",\"position\":1,\"name\":\"Home\",\"item\":\"https:\/\/euricse.eu\/it\/\"},{\"@type\":\"ListItem\",\"position\":2,\"name\":\"A Manerba sul Garda la villetta dei boss torna alla comunit\u00e0\"}]},{\"@type\":\"WebSite\",\"@id\":\"https:\/\/euricse.eu\/en\/#website\",\"url\":\"https:\/\/euricse.eu\/en\/\",\"name\":\"Euricse\",\"description\":\"Knowledge and innovation for cooperative and social enterprises.\",\"potentialAction\":[{\"@type\":\"SearchAction\",\"target\":{\"@type\":\"EntryPoint\",\"urlTemplate\":\"https:\/\/euricse.eu\/en\/?s={search_term_string}\"},\"query-input\":{\"@type\":\"PropertyValueSpecification\",\"valueRequired\":true,\"valueName\":\"search_term_string\"}}],\"inLanguage\":\"it-IT\"},{\"@type\":\"Person\",\"@id\":\"https:\/\/euricse.eu\/en\/#\/schema\/person\/46be9426d76e3114ba478b69f3d8040b\",\"name\":\"redazione\",\"image\":{\"@type\":\"ImageObject\",\"inLanguage\":\"it-IT\",\"@id\":\"https:\/\/euricse.eu\/en\/#\/schema\/person\/image\/\",\"url\":\"https:\/\/secure.gravatar.com\/avatar\/d1e5fb76fa001722a0822f32de0a8935d9c7a01b0f055f16dc71df73252c3c50?s=96&d=mm&r=g\",\"contentUrl\":\"https:\/\/secure.gravatar.com\/avatar\/d1e5fb76fa001722a0822f32de0a8935d9c7a01b0f055f16dc71df73252c3c50?s=96&d=mm&r=g\",\"caption\":\"redazione\"},\"url\":\"https:\/\/euricse.eu\/it\/author\/marikadmin\/\"}]}<\/script>\n<!-- \/ Yoast SEO plugin. -->","yoast_head_json":{"title":"A Manerba sul Garda la villetta dei boss torna alla comunit\u00e0 - Euricse","robots":{"index":"index","follow":"follow","max-snippet":"max-snippet:-1","max-image-preview":"max-image-preview:large","max-video-preview":"max-video-preview:-1"},"canonical":"https:\/\/euricse.eu\/it\/a-manerba-sul-garda-la-villetta-dei-boss-torna-alla-comunita\/","og_locale":"it_IT","og_type":"article","og_title":"A Manerba sul Garda la villetta dei boss torna alla comunit\u00e0 - Euricse","og_description":"Euricse, attraverso SIBEC, la prima Scuola Italiana dei Beni Comuni, e Labsus Laboratorio per la Sussidiariet\u00e0, accompagna il progetto Legami Leali nella riattivazione di 5 immobili confiscati alle mafie sul lago di Garda. L\u2019iniziativa parte da una villetta di 2 piani a Manerba che diventer\u00e0 una \u201ccasa della legalit\u00e0\u201d per attivit\u00e0 esperienziali aperte alle scuole [&hellip;]","og_url":"https:\/\/euricse.eu\/it\/a-manerba-sul-garda-la-villetta-dei-boss-torna-alla-comunita\/","og_site_name":"Euricse","article_published_time":"2019-07-09T12:39:52+00:00","article_modified_time":"2019-08-06T10:54:28+00:00","og_image":[{"width":2000,"height":1500,"url":"https:\/\/euricse.eu\/wp-content\/uploads\/2019\/07\/legamiLeali_casaLegalitaManerbaRid.jpg","type":"image\/jpeg"}],"author":"redazione","twitter_card":"summary_large_image","twitter_misc":{"Scritto da":"redazione","Tempo di lettura stimato":"4 minuti"},"schema":{"@context":"https:\/\/schema.org","@graph":[{"@type":"WebPage","@id":"https:\/\/euricse.eu\/it\/a-manerba-sul-garda-la-villetta-dei-boss-torna-alla-comunita\/","url":"https:\/\/euricse.eu\/it\/a-manerba-sul-garda-la-villetta-dei-boss-torna-alla-comunita\/","name":"A Manerba sul Garda la villetta dei boss torna alla comunit\u00e0 - Euricse","isPartOf":{"@id":"https:\/\/euricse.eu\/en\/#website"},"primaryImageOfPage":{"@id":"https:\/\/euricse.eu\/it\/a-manerba-sul-garda-la-villetta-dei-boss-torna-alla-comunita\/#primaryimage"},"image":{"@id":"https:\/\/euricse.eu\/it\/a-manerba-sul-garda-la-villetta-dei-boss-torna-alla-comunita\/#primaryimage"},"thumbnailUrl":"https:\/\/euricse.eu\/wp-content\/uploads\/2019\/07\/legamiLeali_casaLegalitaManerbaRid.jpg","datePublished":"2019-07-09T12:39:52+00:00","dateModified":"2019-08-06T10:54:28+00:00","author":{"@id":"https:\/\/euricse.eu\/en\/#\/schema\/person\/46be9426d76e3114ba478b69f3d8040b"},"breadcrumb":{"@id":"https:\/\/euricse.eu\/it\/a-manerba-sul-garda-la-villetta-dei-boss-torna-alla-comunita\/#breadcrumb"},"inLanguage":"it-IT","potentialAction":[{"@type":"ReadAction","target":["https:\/\/euricse.eu\/it\/a-manerba-sul-garda-la-villetta-dei-boss-torna-alla-comunita\/"]}]},{"@type":"ImageObject","inLanguage":"it-IT","@id":"https:\/\/euricse.eu\/it\/a-manerba-sul-garda-la-villetta-dei-boss-torna-alla-comunita\/#primaryimage","url":"https:\/\/euricse.eu\/wp-content\/uploads\/2019\/07\/legamiLeali_casaLegalitaManerbaRid.jpg","contentUrl":"https:\/\/euricse.eu\/wp-content\/uploads\/2019\/07\/legamiLeali_casaLegalitaManerbaRid.jpg","width":2000,"height":1500},{"@type":"BreadcrumbList","@id":"https:\/\/euricse.eu\/it\/a-manerba-sul-garda-la-villetta-dei-boss-torna-alla-comunita\/#breadcrumb","itemListElement":[{"@type":"ListItem","position":1,"name":"Home","item":"https:\/\/euricse.eu\/it\/"},{"@type":"ListItem","position":2,"name":"A Manerba sul Garda la villetta dei boss torna alla comunit\u00e0"}]},{"@type":"WebSite","@id":"https:\/\/euricse.eu\/en\/#website","url":"https:\/\/euricse.eu\/en\/","name":"Euricse","description":"Knowledge and innovation for cooperative and social enterprises.","potentialAction":[{"@type":"SearchAction","target":{"@type":"EntryPoint","urlTemplate":"https:\/\/euricse.eu\/en\/?s={search_term_string}"},"query-input":{"@type":"PropertyValueSpecification","valueRequired":true,"valueName":"search_term_string"}}],"inLanguage":"it-IT"},{"@type":"Person","@id":"https:\/\/euricse.eu\/en\/#\/schema\/person\/46be9426d76e3114ba478b69f3d8040b","name":"redazione","image":{"@type":"ImageObject","inLanguage":"it-IT","@id":"https:\/\/euricse.eu\/en\/#\/schema\/person\/image\/","url":"https:\/\/secure.gravatar.com\/avatar\/d1e5fb76fa001722a0822f32de0a8935d9c7a01b0f055f16dc71df73252c3c50?s=96&d=mm&r=g","contentUrl":"https:\/\/secure.gravatar.com\/avatar\/d1e5fb76fa001722a0822f32de0a8935d9c7a01b0f055f16dc71df73252c3c50?s=96&d=mm&r=g","caption":"redazione"},"url":"https:\/\/euricse.eu\/it\/author\/marikadmin\/"}]}},"_links":{"self":[{"href":"https:\/\/euricse.eu\/it\/wp-json\/wp\/v2\/posts\/8745","targetHints":{"allow":["GET"]}}],"collection":[{"href":"https:\/\/euricse.eu\/it\/wp-json\/wp\/v2\/posts"}],"about":[{"href":"https:\/\/euricse.eu\/it\/wp-json\/wp\/v2\/types\/post"}],"author":[{"embeddable":true,"href":"https:\/\/euricse.eu\/it\/wp-json\/wp\/v2\/users\/30"}],"replies":[{"embeddable":true,"href":"https:\/\/euricse.eu\/it\/wp-json\/wp\/v2\/comments?post=8745"}],"version-history":[{"count":0,"href":"https:\/\/euricse.eu\/it\/wp-json\/wp\/v2\/posts\/8745\/revisions"}],"wp:featuredmedia":[{"embeddable":true,"href":"https:\/\/euricse.eu\/it\/wp-json\/wp\/v2\/media\/8747"}],"wp:attachment":[{"href":"https:\/\/euricse.eu\/it\/wp-json\/wp\/v2\/media?parent=8745"}],"wp:term":[{"taxonomy":"category","embeddable":true,"href":"https:\/\/euricse.eu\/it\/wp-json\/wp\/v2\/categories?post=8745"},{"taxonomy":"post_tag","embeddable":true,"href":"https:\/\/euricse.eu\/it\/wp-json\/wp\/v2\/tags?post=8745"}],"curies":[{"name":"wp","href":"https:\/\/api.w.org\/{rel}","templated":true}]}}