{"id":8794,"date":"2019-07-24T10:55:30","date_gmt":"2019-07-24T09:55:30","guid":{"rendered":"https:\/\/euricse.staging.hgblu.com\/?p=8794"},"modified":"2024-10-15T14:48:54","modified_gmt":"2024-10-15T13:48:54","slug":"euricse-diventa-osservatore-nella-task-force-onu-sulleconomia-sociale-e-solidale","status":"publish","type":"post","link":"https:\/\/euricse.eu\/it\/euricse-diventa-osservatore-nella-task-force-onu-sulleconomia-sociale-e-solidale\/","title":{"rendered":"EURICSE diventa osservatore nella Task Force ONU sull\u2019Economia Sociale e Solidale"},"content":{"rendered":"\r\n\r\n\r\n<p>Euricse \u00e8 stato ammesso come osservatore nella Task Force delle Nazioni Unite sull\u2019Economia Sociale e Solidale (<a href=\"http:\/\/unsse.org\/\" target=\"_blank\" rel=\"noreferrer noopener\" aria-label=\"UNTFSSE (apre in una nuova scheda)\">UNTFSSE<\/a>), organismo fondato a Ginevra nel 2013 con lo scopo di aumentare la visibilit\u00e0 dell\u2019economia sociale e solidale (ESS) in seno all\u2019ONU e verso l\u2019esterno. Nella veste di osservatore parteciper\u00e0 attivamente alle discussioni promosse dall\u2019unit\u00e0 operativa, con la possibilit\u00e0 di condividere feedback sui temi trattati. Un riconoscimento ancora pi\u00f9 importante in vista del workshop internazionale che Euricse organizzer\u00e0 a Trento a novembre per conto dell\u2019Organizzazione internazionale del lavoro (<a href=\"https:\/\/www.ilo.org\/global\/lang--en\/index.htm\" target=\"_blank\" rel=\"noreferrer noopener\" aria-label=\"ILO (apre in una nuova scheda)\">ILO<\/a>) sul tema degli strumenti finanziari per l\u2019economia sociale e solidale.<\/p>\r\n\r\n\r\n\r\n<p>L\u2019istituto di ricerca trentino ieri \u00e8 stato presentato ufficialmente come osservatore nella Task Force delle Nazioni Unite durante un incontro ufficiale a Ginevra, al quale ha partecipato il segretario generale di Euricse, <strong>Gianluca Salvatori<\/strong>. L\u2019adesione all\u2019UNTFSSE \u00e8 avvenuta in virt\u00f9 della spiccata attitudine internazionale di Euricse nell\u2019ambito dell\u2019economia sociale e dei suoi costanti rapporti con l\u2019Organizzazione internazionale del lavoro (ILO), l\u2019Organizzazione per l\u2019alimentazione e l\u2019agricoltura (FAO), l\u2019Organizzazione per la cooperazione e lo sviluppo economico (OECD), l\u2019Alleanza internazionale delle cooperative (ICA) e molte altre agenzie internazionali. Proprio per l\u2019ILO ha recentemente curato due report di ricerca sull\u2019economia sociale e solidale, indagando il suo ruolo rispetto alle sfide nel futuro del lavoro e ai meccanismi finanziari pi\u00f9 innovativi che possono supportarne lo sviluppo.<\/p>\r\n\r\n\r\n\r\n<figure class=\"wp-block-image\"><img loading=\"lazy\" decoding=\"async\" width=\"1024\" height=\"340\" class=\"wp-image-8795\" src=\"https:\/\/euricse.eu\/wp-content\/uploads\/2019\/07\/UNTFSSE_ginevra-1024x340.jpg\" alt=\"\" srcset=\"https:\/\/euricse.eu\/wp-content\/uploads\/2019\/07\/UNTFSSE_ginevra-1024x340.jpg 1024w, https:\/\/euricse.eu\/wp-content\/uploads\/2019\/07\/UNTFSSE_ginevra-670x222.jpg 670w, https:\/\/euricse.eu\/wp-content\/uploads\/2019\/07\/UNTFSSE_ginevra-300x100.jpg 300w, https:\/\/euricse.eu\/wp-content\/uploads\/2019\/07\/UNTFSSE_ginevra-768x255.jpg 768w, https:\/\/euricse.eu\/wp-content\/uploads\/2019\/07\/UNTFSSE_ginevra.jpg 1482w\" sizes=\"auto, (max-width: 1024px) 100vw, 1024px\" \/>\r\n<figcaption>La seduta del UNTFSSE del 23 luglio a Ginevra<br \/><br \/>La Task Force, fondata a Ginevra nel 2013, ha tra i suoi membri diverse agenzie dell\u2019ONU (FAO, OECD, UNEP, UNRISD, WHO), istituzioni internazionali come la Worldbank e organizzazioni inter-governative, cos\u00ec come molte associazioni della rete ESS. Tra le sue attivit\u00e0 c\u2019\u00e8 l\u2019organizzazione di eventi e conferenze internazionali, la promozione di pubblicazioni e progetti collaborativi. Recentemente ha anche lanciato l\u2019Hub Conoscenza, una piattaforma che riunisce la ricerca sul potenziale della ESS per il raggiungimento degli Obiettivi di sviluppo sostenibile legati all\u2019Agenda 2030 delle Nazioni Unite.<br \/>\r\n<p>\u201cIl tema dell\u2019economia sociale e solidale sta uscendo dalla nicchia in cui di solito veniva relegato. Come per il tema degli Obiettivi di sviluppo sostenibile, anche in questo ambito le Nazioni Unite svolgono un ruolo da precursore. Per questo come Euricse abbiamo voluto seguire da vicino il lavoro svolto dalle agenzie UN impegnate per lo sviluppo dell\u2019economia sociale. E siamo orgogliosi che le nostre posizioni siano state ritenute utili per questo lavoro di elaborazione e approfondimento. La partecipazione come osservatori alla Task Force delle Nazioni Unite sar\u00e0 per noi un\u2019occasione preziosa per allargare la nostra visione internazionale e per discutere delle nostre attivit\u00e0 con un gruppo di esperti di assoluto rilievo\u201d.<\/p>\r\n<p><cite> <strong>Gianluca Salvatori<\/strong>, segretario generale di Euricse.<\/cite><\/p>\r\n<\/figcaption>\r\n<\/figure>\r\n\r\n\r\n\r\n<figure class=\"wp-block-image\"><img loading=\"lazy\" decoding=\"async\" width=\"1024\" height=\"725\" class=\"wp-image-8808\" src=\"https:\/\/euricse.eu\/wp-content\/uploads\/2019\/07\/UNTFSSE_ginevra1-1-1024x725.jpg\" alt=\"\" srcset=\"https:\/\/euricse.eu\/wp-content\/uploads\/2019\/07\/UNTFSSE_ginevra1-1-1024x725.jpg 1024w, https:\/\/euricse.eu\/wp-content\/uploads\/2019\/07\/UNTFSSE_ginevra1-1-565x400.jpg 565w, https:\/\/euricse.eu\/wp-content\/uploads\/2019\/07\/UNTFSSE_ginevra1-1-300x212.jpg 300w, https:\/\/euricse.eu\/wp-content\/uploads\/2019\/07\/UNTFSSE_ginevra1-1-768x544.jpg 768w, https:\/\/euricse.eu\/wp-content\/uploads\/2019\/07\/UNTFSSE_ginevra1-1.jpg 1064w\" sizes=\"auto, (max-width: 1024px) 100vw, 1024px\" \/><\/figure>\r\n\r\n\r\n\r\n<p>\u00a0 \u00a0 \u00a0 \u00a0 \u00a0 Il riconoscimento assume un valore ancora maggiore in vista del <strong>workshop internazionale <\/strong>che Euricse organizza <strong>dal 18 al 20 novembre 2019 a Trento<\/strong> proprio per conto dell\u2019ILO, chiamando a raccolta i maggiori esperti internazionali sul tema degli strumenti finanziari per l\u2019economia sociale e solidale. Nella stessa settimana, sempre a Trento, si riunir\u00e0 la task force UNTFSSE.<\/p>\r\n\r\n\r\n\r\n<blockquote class=\"wp-block-quote is-layout-flow wp-block-quote-is-layout-flow\">\r\n<p>\u201cSiamo certi che Euricse, grazie alla sua lunga ed articolata traiettoria in ambito europeo e non solo, dar\u00e0 un importante contributo alle iniziative che il gruppo di lavoro intraprende per accrescere visibilit\u00e0 e riconoscimento dell\u2019Economia Sociale e Solidale a livello internazionale\u201d.<\/p>\r\n<cite>Vic van Vuuren, presidente UNTFSSE<\/cite><\/blockquote>\r\n","protected":false},"excerpt":{"rendered":"<p>Premiata la vocazione internazionale dell\u2019istituto di ricerca trentino. <\/p>\n","protected":false},"author":30,"featured_media":8795,"comment_status":"closed","ping_status":"closed","sticky":false,"template":"","format":"standard","meta":{"_acf_changed":false,"episode_type":"","audio_file":"","cover_image":"","cover_image_id":"","duration":"","filesize":"","date_recorded":"","explicit":"","block":"","itunes_episode_number":"","itunes_title":"","itunes_season_number":"","itunes_episode_type":"","filesize_raw":"","footnotes":""},"categories":[14,17],"tags":[120,1031,1071,1072,1183,1727,1728],"class_list":["post-8794","post","type-post","status-publish","format-standard","has-post-thumbnail","hentry","category-blog-it","category-news-it","tag-strumenti-finanziari","tag-workshop-it","tag-ilo-it","tag-economia-sociale-e-solidale-it","tag-onu-it","tag-task-force-it","tag-untfsse-it"],"acf":[],"yoast_head":"<!-- This site is optimized with the Yoast SEO plugin v26.1.1 - https:\/\/yoast.com\/wordpress\/plugins\/seo\/ -->\n<title>EURICSE diventa osservatore nella Task Force ONU sull\u2019Economia Sociale e Solidale - Euricse<\/title>\n<meta name=\"robots\" content=\"index, follow, max-snippet:-1, max-image-preview:large, max-video-preview:-1\" \/>\n<link rel=\"canonical\" href=\"https:\/\/euricse.eu\/it\/euricse-diventa-osservatore-nella-task-force-onu-sulleconomia-sociale-e-solidale\/\" \/>\n<meta property=\"og:locale\" content=\"it_IT\" \/>\n<meta property=\"og:type\" content=\"article\" \/>\n<meta property=\"og:title\" content=\"EURICSE diventa osservatore nella Task Force ONU sull\u2019Economia Sociale e Solidale - Euricse\" \/>\n<meta property=\"og:description\" content=\"Premiata la vocazione internazionale dell\u2019istituto di ricerca trentino.\" \/>\n<meta property=\"og:url\" content=\"https:\/\/euricse.eu\/it\/euricse-diventa-osservatore-nella-task-force-onu-sulleconomia-sociale-e-solidale\/\" \/>\n<meta property=\"og:site_name\" content=\"Euricse\" \/>\n<meta property=\"article:published_time\" content=\"2019-07-24T09:55:30+00:00\" \/>\n<meta property=\"article:modified_time\" content=\"2024-10-15T13:48:54+00:00\" \/>\n<meta property=\"og:image\" content=\"https:\/\/euricse.eu\/wp-content\/uploads\/2019\/07\/UNTFSSE_ginevra.jpg\" \/>\n\t<meta property=\"og:image:width\" content=\"1482\" \/>\n\t<meta property=\"og:image:height\" content=\"492\" \/>\n\t<meta property=\"og:image:type\" content=\"image\/jpeg\" \/>\n<meta name=\"author\" content=\"redazione\" \/>\n<meta name=\"twitter:card\" content=\"summary_large_image\" \/>\n<meta name=\"twitter:label1\" content=\"Scritto da\" \/>\n\t<meta name=\"twitter:data1\" content=\"redazione\" \/>\n\t<meta name=\"twitter:label2\" content=\"Tempo di lettura stimato\" \/>\n\t<meta name=\"twitter:data2\" content=\"4 minuti\" \/>\n<script type=\"application\/ld+json\" class=\"yoast-schema-graph\">{\"@context\":\"https:\/\/schema.org\",\"@graph\":[{\"@type\":\"WebPage\",\"@id\":\"https:\/\/euricse.eu\/it\/euricse-diventa-osservatore-nella-task-force-onu-sulleconomia-sociale-e-solidale\/\",\"url\":\"https:\/\/euricse.eu\/it\/euricse-diventa-osservatore-nella-task-force-onu-sulleconomia-sociale-e-solidale\/\",\"name\":\"EURICSE diventa osservatore nella Task Force ONU sull\u2019Economia Sociale e Solidale - Euricse\",\"isPartOf\":{\"@id\":\"https:\/\/euricse.eu\/en\/#website\"},\"primaryImageOfPage\":{\"@id\":\"https:\/\/euricse.eu\/it\/euricse-diventa-osservatore-nella-task-force-onu-sulleconomia-sociale-e-solidale\/#primaryimage\"},\"image\":{\"@id\":\"https:\/\/euricse.eu\/it\/euricse-diventa-osservatore-nella-task-force-onu-sulleconomia-sociale-e-solidale\/#primaryimage\"},\"thumbnailUrl\":\"https:\/\/euricse.eu\/wp-content\/uploads\/2019\/07\/UNTFSSE_ginevra.jpg\",\"datePublished\":\"2019-07-24T09:55:30+00:00\",\"dateModified\":\"2024-10-15T13:48:54+00:00\",\"author\":{\"@id\":\"https:\/\/euricse.eu\/en\/#\/schema\/person\/46be9426d76e3114ba478b69f3d8040b\"},\"breadcrumb\":{\"@id\":\"https:\/\/euricse.eu\/it\/euricse-diventa-osservatore-nella-task-force-onu-sulleconomia-sociale-e-solidale\/#breadcrumb\"},\"inLanguage\":\"it-IT\",\"potentialAction\":[{\"@type\":\"ReadAction\",\"target\":[\"https:\/\/euricse.eu\/it\/euricse-diventa-osservatore-nella-task-force-onu-sulleconomia-sociale-e-solidale\/\"]}]},{\"@type\":\"ImageObject\",\"inLanguage\":\"it-IT\",\"@id\":\"https:\/\/euricse.eu\/it\/euricse-diventa-osservatore-nella-task-force-onu-sulleconomia-sociale-e-solidale\/#primaryimage\",\"url\":\"https:\/\/euricse.eu\/wp-content\/uploads\/2019\/07\/UNTFSSE_ginevra.jpg\",\"contentUrl\":\"https:\/\/euricse.eu\/wp-content\/uploads\/2019\/07\/UNTFSSE_ginevra.jpg\",\"width\":1482,\"height\":492},{\"@type\":\"BreadcrumbList\",\"@id\":\"https:\/\/euricse.eu\/it\/euricse-diventa-osservatore-nella-task-force-onu-sulleconomia-sociale-e-solidale\/#breadcrumb\",\"itemListElement\":[{\"@type\":\"ListItem\",\"position\":1,\"name\":\"Home\",\"item\":\"https:\/\/euricse.eu\/it\/\"},{\"@type\":\"ListItem\",\"position\":2,\"name\":\"EURICSE diventa osservatore nella Task Force ONU sull\u2019Economia Sociale e Solidale\"}]},{\"@type\":\"WebSite\",\"@id\":\"https:\/\/euricse.eu\/en\/#website\",\"url\":\"https:\/\/euricse.eu\/en\/\",\"name\":\"Euricse\",\"description\":\"Knowledge and innovation for cooperative and social enterprises.\",\"potentialAction\":[{\"@type\":\"SearchAction\",\"target\":{\"@type\":\"EntryPoint\",\"urlTemplate\":\"https:\/\/euricse.eu\/en\/?s={search_term_string}\"},\"query-input\":{\"@type\":\"PropertyValueSpecification\",\"valueRequired\":true,\"valueName\":\"search_term_string\"}}],\"inLanguage\":\"it-IT\"},{\"@type\":\"Person\",\"@id\":\"https:\/\/euricse.eu\/en\/#\/schema\/person\/46be9426d76e3114ba478b69f3d8040b\",\"name\":\"redazione\",\"image\":{\"@type\":\"ImageObject\",\"inLanguage\":\"it-IT\",\"@id\":\"https:\/\/euricse.eu\/en\/#\/schema\/person\/image\/\",\"url\":\"https:\/\/secure.gravatar.com\/avatar\/d1e5fb76fa001722a0822f32de0a8935d9c7a01b0f055f16dc71df73252c3c50?s=96&d=mm&r=g\",\"contentUrl\":\"https:\/\/secure.gravatar.com\/avatar\/d1e5fb76fa001722a0822f32de0a8935d9c7a01b0f055f16dc71df73252c3c50?s=96&d=mm&r=g\",\"caption\":\"redazione\"},\"url\":\"https:\/\/euricse.eu\/it\/author\/marikadmin\/\"}]}<\/script>\n<!-- \/ Yoast SEO plugin. -->","yoast_head_json":{"title":"EURICSE diventa osservatore nella Task Force ONU sull\u2019Economia Sociale e Solidale - Euricse","robots":{"index":"index","follow":"follow","max-snippet":"max-snippet:-1","max-image-preview":"max-image-preview:large","max-video-preview":"max-video-preview:-1"},"canonical":"https:\/\/euricse.eu\/it\/euricse-diventa-osservatore-nella-task-force-onu-sulleconomia-sociale-e-solidale\/","og_locale":"it_IT","og_type":"article","og_title":"EURICSE diventa osservatore nella Task Force ONU sull\u2019Economia Sociale e Solidale - Euricse","og_description":"Premiata la vocazione internazionale dell\u2019istituto di ricerca trentino.","og_url":"https:\/\/euricse.eu\/it\/euricse-diventa-osservatore-nella-task-force-onu-sulleconomia-sociale-e-solidale\/","og_site_name":"Euricse","article_published_time":"2019-07-24T09:55:30+00:00","article_modified_time":"2024-10-15T13:48:54+00:00","og_image":[{"width":1482,"height":492,"url":"https:\/\/euricse.eu\/wp-content\/uploads\/2019\/07\/UNTFSSE_ginevra.jpg","type":"image\/jpeg"}],"author":"redazione","twitter_card":"summary_large_image","twitter_misc":{"Scritto da":"redazione","Tempo di lettura stimato":"4 minuti"},"schema":{"@context":"https:\/\/schema.org","@graph":[{"@type":"WebPage","@id":"https:\/\/euricse.eu\/it\/euricse-diventa-osservatore-nella-task-force-onu-sulleconomia-sociale-e-solidale\/","url":"https:\/\/euricse.eu\/it\/euricse-diventa-osservatore-nella-task-force-onu-sulleconomia-sociale-e-solidale\/","name":"EURICSE diventa osservatore nella Task Force ONU sull\u2019Economia Sociale e Solidale - Euricse","isPartOf":{"@id":"https:\/\/euricse.eu\/en\/#website"},"primaryImageOfPage":{"@id":"https:\/\/euricse.eu\/it\/euricse-diventa-osservatore-nella-task-force-onu-sulleconomia-sociale-e-solidale\/#primaryimage"},"image":{"@id":"https:\/\/euricse.eu\/it\/euricse-diventa-osservatore-nella-task-force-onu-sulleconomia-sociale-e-solidale\/#primaryimage"},"thumbnailUrl":"https:\/\/euricse.eu\/wp-content\/uploads\/2019\/07\/UNTFSSE_ginevra.jpg","datePublished":"2019-07-24T09:55:30+00:00","dateModified":"2024-10-15T13:48:54+00:00","author":{"@id":"https:\/\/euricse.eu\/en\/#\/schema\/person\/46be9426d76e3114ba478b69f3d8040b"},"breadcrumb":{"@id":"https:\/\/euricse.eu\/it\/euricse-diventa-osservatore-nella-task-force-onu-sulleconomia-sociale-e-solidale\/#breadcrumb"},"inLanguage":"it-IT","potentialAction":[{"@type":"ReadAction","target":["https:\/\/euricse.eu\/it\/euricse-diventa-osservatore-nella-task-force-onu-sulleconomia-sociale-e-solidale\/"]}]},{"@type":"ImageObject","inLanguage":"it-IT","@id":"https:\/\/euricse.eu\/it\/euricse-diventa-osservatore-nella-task-force-onu-sulleconomia-sociale-e-solidale\/#primaryimage","url":"https:\/\/euricse.eu\/wp-content\/uploads\/2019\/07\/UNTFSSE_ginevra.jpg","contentUrl":"https:\/\/euricse.eu\/wp-content\/uploads\/2019\/07\/UNTFSSE_ginevra.jpg","width":1482,"height":492},{"@type":"BreadcrumbList","@id":"https:\/\/euricse.eu\/it\/euricse-diventa-osservatore-nella-task-force-onu-sulleconomia-sociale-e-solidale\/#breadcrumb","itemListElement":[{"@type":"ListItem","position":1,"name":"Home","item":"https:\/\/euricse.eu\/it\/"},{"@type":"ListItem","position":2,"name":"EURICSE diventa osservatore nella Task Force ONU sull\u2019Economia Sociale e Solidale"}]},{"@type":"WebSite","@id":"https:\/\/euricse.eu\/en\/#website","url":"https:\/\/euricse.eu\/en\/","name":"Euricse","description":"Knowledge and innovation for cooperative and social enterprises.","potentialAction":[{"@type":"SearchAction","target":{"@type":"EntryPoint","urlTemplate":"https:\/\/euricse.eu\/en\/?s={search_term_string}"},"query-input":{"@type":"PropertyValueSpecification","valueRequired":true,"valueName":"search_term_string"}}],"inLanguage":"it-IT"},{"@type":"Person","@id":"https:\/\/euricse.eu\/en\/#\/schema\/person\/46be9426d76e3114ba478b69f3d8040b","name":"redazione","image":{"@type":"ImageObject","inLanguage":"it-IT","@id":"https:\/\/euricse.eu\/en\/#\/schema\/person\/image\/","url":"https:\/\/secure.gravatar.com\/avatar\/d1e5fb76fa001722a0822f32de0a8935d9c7a01b0f055f16dc71df73252c3c50?s=96&d=mm&r=g","contentUrl":"https:\/\/secure.gravatar.com\/avatar\/d1e5fb76fa001722a0822f32de0a8935d9c7a01b0f055f16dc71df73252c3c50?s=96&d=mm&r=g","caption":"redazione"},"url":"https:\/\/euricse.eu\/it\/author\/marikadmin\/"}]}},"_links":{"self":[{"href":"https:\/\/euricse.eu\/it\/wp-json\/wp\/v2\/posts\/8794","targetHints":{"allow":["GET"]}}],"collection":[{"href":"https:\/\/euricse.eu\/it\/wp-json\/wp\/v2\/posts"}],"about":[{"href":"https:\/\/euricse.eu\/it\/wp-json\/wp\/v2\/types\/post"}],"author":[{"embeddable":true,"href":"https:\/\/euricse.eu\/it\/wp-json\/wp\/v2\/users\/30"}],"replies":[{"embeddable":true,"href":"https:\/\/euricse.eu\/it\/wp-json\/wp\/v2\/comments?post=8794"}],"version-history":[{"count":2,"href":"https:\/\/euricse.eu\/it\/wp-json\/wp\/v2\/posts\/8794\/revisions"}],"predecessor-version":[{"id":24637,"href":"https:\/\/euricse.eu\/it\/wp-json\/wp\/v2\/posts\/8794\/revisions\/24637"}],"wp:featuredmedia":[{"embeddable":true,"href":"https:\/\/euricse.eu\/it\/wp-json\/wp\/v2\/media\/8795"}],"wp:attachment":[{"href":"https:\/\/euricse.eu\/it\/wp-json\/wp\/v2\/media?parent=8794"}],"wp:term":[{"taxonomy":"category","embeddable":true,"href":"https:\/\/euricse.eu\/it\/wp-json\/wp\/v2\/categories?post=8794"},{"taxonomy":"post_tag","embeddable":true,"href":"https:\/\/euricse.eu\/it\/wp-json\/wp\/v2\/tags?post=8794"}],"curies":[{"name":"wp","href":"https:\/\/api.w.org\/{rel}","templated":true}]}}