{"id":8841,"date":"2019-08-05T10:26:34","date_gmt":"2019-08-05T09:26:34","guid":{"rendered":"https:\/\/euricse.staging.hgblu.com\/?p=8841"},"modified":"2019-09-20T08:40:36","modified_gmt":"2019-09-20T07:40:36","slug":"marco-bombardelli-nuovo-direttore-del-master-gis","status":"publish","type":"post","link":"https:\/\/euricse.eu\/it\/marco-bombardelli-nuovo-direttore-del-master-gis\/","title":{"rendered":"Marco Bombardelli, nuovo direttore del Master GIS"},"content":{"rendered":"\n<h2 class=\"wp-block-heading\">&#8220;Anche nel no profit servono professionisti ad hoc&#8221;<\/h2>\n\n\n\n<figure class=\"wp-block-image\"><img loading=\"lazy\" decoding=\"async\" width=\"1024\" height=\"768\" src=\"https:\/\/euricse.eu\/wp-content\/uploads\/2019\/08\/IMG-20190328-WA0003-1024x768.jpg\" alt=\"\" class=\"wp-image-8844\" srcset=\"https:\/\/euricse.eu\/wp-content\/uploads\/2019\/08\/IMG-20190328-WA0003.jpg 1024w, https:\/\/euricse.eu\/wp-content\/uploads\/2019\/08\/IMG-20190328-WA0003-533x400.jpg 533w, https:\/\/euricse.eu\/wp-content\/uploads\/2019\/08\/IMG-20190328-WA0003-300x225.jpg 300w, https:\/\/euricse.eu\/wp-content\/uploads\/2019\/08\/IMG-20190328-WA0003-768x576.jpg 768w\" sizes=\"auto, (max-width: 1024px) 100vw, 1024px\" \/><figcaption>Un momento di pausa per i corsisti durante il Master 2018\/2019<\/figcaption><\/figure>\n\n\n\n<p>Da maggio <strong><a rel=\"noreferrer noopener\" aria-label=\"Marco Bombardelli (apre in una nuova scheda)\" href=\"https:\/\/webapps.unitn.it\/du\/it\/Persona\/PER0000905\/Curriculum\" target=\"_blank\">Marco Bombardelli<\/a><\/strong>, docente ordinario a Giurisprudenza, esperto in diritto amministrativo e rapporti tra pubblica amministrazione e mondo no profit, \u00e8 il nuovo direttore del <a rel=\"noreferrer noopener\" aria-label=\"Master universitario in Gestione di Imprese Sociali (apre in una nuova scheda)\" href=\"https:\/\/euricse.eu\/it\/training\/master-gis\/\" target=\"_blank\">Master universitario in Gestione di Imprese Sociali<\/a> organizzato da Euricse e dall\u2019Universit\u00e0 di Trento. \u00c8 stato nominato dai Consigli dei Dipartimenti di Giurisprudenza, Economia &amp; Management, Sociologia e Ricerca Sociale e ed ha raccolto il testimone di <strong>Luca Fazzi<\/strong>, professore ordinario a Sociologia, al timone del Master per due anni. Tra i primi atti di Bombardelli, l\u2019allargamento del direttivo per aumentare il coinvolgimento dei Dipartimenti: le new entry sono <strong><a rel=\"noreferrer noopener\" aria-label=\"Silvia Pellizzari (apre in una nuova scheda)\" href=\"https:\/\/webapps.unitn.it\/du\/it\/Persona\/PER0000066\/Didattica\" target=\"_blank\">Silvia Pellizzari<\/a><\/strong>, docente di Diritto amministrativo a Giurisprudenza, e <strong><a rel=\"noreferrer noopener\" aria-label=\"Alessandro Rossi (apre in una nuova scheda)\" href=\"https:\/\/webapps.unitn.it\/du\/it\/Persona\/PER0004569\/Curriculum\" target=\"_blank\">Alessandro Rossi<\/a><\/strong>, docente di Economia e gestione delle imprese a Economia. <\/p>\n\n\n\n<p><br>Abbiamo incontrato il professor Bombardelli per capire quale impronta vorrebbe dare al Master GIS. \u201cVorrei rafforzare la collaborazione tra dipartimenti in una logica interdisciplinare e creare un\u2019ancora maggiore integrazione tra corpo docente e i vari insegnamenti che vengono impartiti\u201d, ha spiegato. <\/p>\n\n\n\n<div class=\"wp-block-image\"><figure class=\"aligncenter\"><img loading=\"lazy\" decoding=\"async\" width=\"200\" height=\"300\" src=\"https:\/\/euricse.eu\/wp-content\/uploads\/2019\/08\/Marco-bombardelli-200x300.jpg\" alt=\"\" class=\"wp-image-8842\" srcset=\"https:\/\/euricse.eu\/wp-content\/uploads\/2019\/08\/Marco-bombardelli-200x300.jpg 200w, https:\/\/euricse.eu\/wp-content\/uploads\/2019\/08\/Marco-bombardelli-266x400.jpg 266w, https:\/\/euricse.eu\/wp-content\/uploads\/2019\/08\/Marco-bombardelli-768x1155.jpg 768w, https:\/\/euricse.eu\/wp-content\/uploads\/2019\/08\/Marco-bombardelli-681x1024.jpg 681w, https:\/\/euricse.eu\/wp-content\/uploads\/2019\/08\/Marco-bombardelli.jpg 1228w\" sizes=\"auto, (max-width: 200px) 100vw, 200px\" \/><figcaption>Il prof. Marco Bombardelli, nuovo direttore del Master GIS<\/figcaption><\/figure><\/div>\n\n\n\n<p><strong>Come ha accolto questa nuova responsabilit\u00e0?<\/strong><br>\u201cL\u2019ho fatto volentieri. Seguo da anni il Master sia come docente sia come membro del direttivo. Sono consapevole che assumerne la direzione \u00e8 un impegno, ma credo potr\u00e0 darmi delle soddisfazioni, perch\u00e9 <strong>\u00e8 un\u2019iniziativa nella quale credo molto<\/strong>\u201d. <br><strong>Che valore ha il Master GIS?<\/strong><br>\u201cInnanzitutto, da studioso dell\u2019amministrazione pubblica, sono convinto che, soprattutto per quanto riguarda l\u2019erogazione dei servizi sociali, sia <strong>fondamentale la collaborazione con il Terzo settore<\/strong>. Pi\u00f9 in generale, ritengo sia molto importante che nel mondo del no profit si formi una <strong>consapevolezza manageriale<\/strong> e che al suo interno si rafforzino delle competenze di natura economica e giuridica utili all\u2019interazione con la pubblica amministrazione, le altre imprese e i dipendenti. Spesso chi lavora nelle cooperative e nelle imprese sociali lo fa perch\u00e9 \u00e8 convinto dell\u2019anima sociale della sua occupazione: il valore aggiunto di questo master \u00e8 che fornisce anche altre competenze. Infine, non va dimenticata la stretta <strong>relazione tra teoria e pratica<\/strong> che contraddistingue il corso: parte consistente dell\u2019impegno, infatti, si svolge sul campo, con tirocini presso le imprese sociali. \u00c8 una formula indovinata\u201d. <br><strong>Su che cosa si concentrer\u00e0 la sua direzione?<\/strong><br>\u201cLa formula del Master GIS indubbiamente funziona, quindi la mia idea \u00e8 di lavorare in <strong>continuit\u00e0 <\/strong>con quanto \u00e8 stato fatto fino ad ora. Recentemente \u00e8 stato adottato il <strong>nuovo codice del Terzo settore<\/strong>: il corso potrebbe diffondere la consapevolezza delle potenzialit\u00e0 di questa nuova disciplina e favorire la corretta comprensione delle dinamiche dell\u2019imprenditorialit\u00e0 sociale e le potenzialit\u00e0 di sviluppo per il nostro Paese. Inoltre credo che il Master possa servire anche a favorire la <strong>comprensione dei modelli giuridici<\/strong> pi\u00f9 corretti per i rapporti con la pubblica amministrazione. Infatti, c\u2019\u00e8 ancora molta confusione, ad esempio tra coprogettazione e gare d\u2019appalto\u201d. <br><strong>Quali sono le sfide che questa iniziativa formativa intende affrontare?<\/strong><br>\u201cServe consapevolezza del fatto che gli aspetti economico-giuridici non possono essere lasciati all\u2019improvvisazione, o comunque considerati come secondari: anche nel nonprofit servono professionisti ad hoc\u201d. <\/p>\n","protected":false},"excerpt":{"rendered":"<p>&#8220;Anche nel no profit servono professionisti ad hoc&#8221; Da maggio Marco Bombardelli, docente ordinario a Giurisprudenza, esperto in diritto amministrativo e rapporti tra pubblica amministrazione e mondo no profit, \u00e8 il nuovo direttore del Master universitario in Gestione di Imprese Sociali organizzato da Euricse e dall\u2019Universit\u00e0 di Trento. \u00c8 stato nominato dai Consigli dei Dipartimenti [&hellip;]<\/p>\n","protected":false},"author":30,"featured_media":8849,"comment_status":"open","ping_status":"closed","sticky":false,"template":"","format":"standard","meta":{"_acf_changed":false,"episode_type":"","audio_file":"","cover_image":"","cover_image_id":"","duration":"","filesize":"","date_recorded":"","explicit":"","block":"","itunes_episode_number":"","itunes_title":"","itunes_season_number":"","itunes_episode_type":"","filesize_raw":"","footnotes":""},"categories":[14,17],"tags":[111,264,292,670,778,779,780],"class_list":["post-8841","post","type-post","status-publish","format-standard","has-post-thumbnail","hentry","category-blog-it","category-news-it","tag-imprese-sociali","tag-formazione","tag-master-gis","tag-university-of-trento","tag-universita","tag-pubblica-amministrazione","tag-marco-bombardelli"],"acf":[],"yoast_head":"<!-- This site is optimized with the Yoast SEO plugin v26.1.1 - https:\/\/yoast.com\/wordpress\/plugins\/seo\/ -->\n<title>Marco Bombardelli, nuovo direttore del Master GIS - Euricse<\/title>\n<meta name=\"robots\" content=\"index, follow, max-snippet:-1, max-image-preview:large, max-video-preview:-1\" \/>\n<link rel=\"canonical\" href=\"https:\/\/euricse.eu\/it\/marco-bombardelli-nuovo-direttore-del-master-gis\/\" \/>\n<meta property=\"og:locale\" content=\"it_IT\" \/>\n<meta property=\"og:type\" content=\"article\" \/>\n<meta property=\"og:title\" content=\"Marco Bombardelli, nuovo direttore del Master GIS - Euricse\" \/>\n<meta property=\"og:description\" content=\"&#8220;Anche nel no profit servono professionisti ad hoc&#8221; Da maggio Marco Bombardelli, docente ordinario a Giurisprudenza, esperto in diritto amministrativo e rapporti tra pubblica amministrazione e mondo no profit, \u00e8 il nuovo direttore del Master universitario in Gestione di Imprese Sociali organizzato da Euricse e dall\u2019Universit\u00e0 di Trento. \u00c8 stato nominato dai Consigli dei Dipartimenti [&hellip;]\" \/>\n<meta property=\"og:url\" content=\"https:\/\/euricse.eu\/it\/marco-bombardelli-nuovo-direttore-del-master-gis\/\" \/>\n<meta property=\"og:site_name\" content=\"Euricse\" \/>\n<meta property=\"article:published_time\" content=\"2019-08-05T09:26:34+00:00\" \/>\n<meta property=\"article:modified_time\" content=\"2019-09-20T07:40:36+00:00\" \/>\n<meta property=\"og:image\" content=\"https:\/\/euricse.eu\/wp-content\/uploads\/2019\/08\/IMG_3860-1024x768.jpg\" \/>\n\t<meta property=\"og:image:width\" content=\"1024\" \/>\n\t<meta property=\"og:image:height\" content=\"768\" \/>\n\t<meta property=\"og:image:type\" content=\"image\/jpeg\" \/>\n<meta name=\"author\" content=\"redazione\" \/>\n<meta name=\"twitter:card\" content=\"summary_large_image\" \/>\n<meta name=\"twitter:label1\" content=\"Scritto da\" \/>\n\t<meta name=\"twitter:data1\" content=\"redazione\" \/>\n\t<meta name=\"twitter:label2\" content=\"Tempo di lettura stimato\" \/>\n\t<meta name=\"twitter:data2\" content=\"3 minuti\" \/>\n<script type=\"application\/ld+json\" class=\"yoast-schema-graph\">{\"@context\":\"https:\/\/schema.org\",\"@graph\":[{\"@type\":\"WebPage\",\"@id\":\"https:\/\/euricse.eu\/it\/marco-bombardelli-nuovo-direttore-del-master-gis\/\",\"url\":\"https:\/\/euricse.eu\/it\/marco-bombardelli-nuovo-direttore-del-master-gis\/\",\"name\":\"Marco Bombardelli, nuovo direttore del Master GIS - Euricse\",\"isPartOf\":{\"@id\":\"https:\/\/euricse.eu\/en\/#website\"},\"primaryImageOfPage\":{\"@id\":\"https:\/\/euricse.eu\/it\/marco-bombardelli-nuovo-direttore-del-master-gis\/#primaryimage\"},\"image\":{\"@id\":\"https:\/\/euricse.eu\/it\/marco-bombardelli-nuovo-direttore-del-master-gis\/#primaryimage\"},\"thumbnailUrl\":\"https:\/\/euricse.eu\/wp-content\/uploads\/2019\/08\/IMG_3860.jpg\",\"datePublished\":\"2019-08-05T09:26:34+00:00\",\"dateModified\":\"2019-09-20T07:40:36+00:00\",\"author\":{\"@id\":\"https:\/\/euricse.eu\/en\/#\/schema\/person\/46be9426d76e3114ba478b69f3d8040b\"},\"breadcrumb\":{\"@id\":\"https:\/\/euricse.eu\/it\/marco-bombardelli-nuovo-direttore-del-master-gis\/#breadcrumb\"},\"inLanguage\":\"it-IT\",\"potentialAction\":[{\"@type\":\"ReadAction\",\"target\":[\"https:\/\/euricse.eu\/it\/marco-bombardelli-nuovo-direttore-del-master-gis\/\"]}]},{\"@type\":\"ImageObject\",\"inLanguage\":\"it-IT\",\"@id\":\"https:\/\/euricse.eu\/it\/marco-bombardelli-nuovo-direttore-del-master-gis\/#primaryimage\",\"url\":\"https:\/\/euricse.eu\/wp-content\/uploads\/2019\/08\/IMG_3860.jpg\",\"contentUrl\":\"https:\/\/euricse.eu\/wp-content\/uploads\/2019\/08\/IMG_3860.jpg\",\"width\":4032,\"height\":3024},{\"@type\":\"BreadcrumbList\",\"@id\":\"https:\/\/euricse.eu\/it\/marco-bombardelli-nuovo-direttore-del-master-gis\/#breadcrumb\",\"itemListElement\":[{\"@type\":\"ListItem\",\"position\":1,\"name\":\"Home\",\"item\":\"https:\/\/euricse.eu\/it\/\"},{\"@type\":\"ListItem\",\"position\":2,\"name\":\"Marco Bombardelli, nuovo direttore del Master GIS\"}]},{\"@type\":\"WebSite\",\"@id\":\"https:\/\/euricse.eu\/en\/#website\",\"url\":\"https:\/\/euricse.eu\/en\/\",\"name\":\"Euricse\",\"description\":\"Knowledge and innovation for cooperative and social enterprises.\",\"potentialAction\":[{\"@type\":\"SearchAction\",\"target\":{\"@type\":\"EntryPoint\",\"urlTemplate\":\"https:\/\/euricse.eu\/en\/?s={search_term_string}\"},\"query-input\":{\"@type\":\"PropertyValueSpecification\",\"valueRequired\":true,\"valueName\":\"search_term_string\"}}],\"inLanguage\":\"it-IT\"},{\"@type\":\"Person\",\"@id\":\"https:\/\/euricse.eu\/en\/#\/schema\/person\/46be9426d76e3114ba478b69f3d8040b\",\"name\":\"redazione\",\"image\":{\"@type\":\"ImageObject\",\"inLanguage\":\"it-IT\",\"@id\":\"https:\/\/euricse.eu\/en\/#\/schema\/person\/image\/\",\"url\":\"https:\/\/secure.gravatar.com\/avatar\/d1e5fb76fa001722a0822f32de0a8935d9c7a01b0f055f16dc71df73252c3c50?s=96&d=mm&r=g\",\"contentUrl\":\"https:\/\/secure.gravatar.com\/avatar\/d1e5fb76fa001722a0822f32de0a8935d9c7a01b0f055f16dc71df73252c3c50?s=96&d=mm&r=g\",\"caption\":\"redazione\"},\"url\":\"https:\/\/euricse.eu\/it\/author\/marikadmin\/\"}]}<\/script>\n<!-- \/ Yoast SEO plugin. -->","yoast_head_json":{"title":"Marco Bombardelli, nuovo direttore del Master GIS - Euricse","robots":{"index":"index","follow":"follow","max-snippet":"max-snippet:-1","max-image-preview":"max-image-preview:large","max-video-preview":"max-video-preview:-1"},"canonical":"https:\/\/euricse.eu\/it\/marco-bombardelli-nuovo-direttore-del-master-gis\/","og_locale":"it_IT","og_type":"article","og_title":"Marco Bombardelli, nuovo direttore del Master GIS - Euricse","og_description":"&#8220;Anche nel no profit servono professionisti ad hoc&#8221; Da maggio Marco Bombardelli, docente ordinario a Giurisprudenza, esperto in diritto amministrativo e rapporti tra pubblica amministrazione e mondo no profit, \u00e8 il nuovo direttore del Master universitario in Gestione di Imprese Sociali organizzato da Euricse e dall\u2019Universit\u00e0 di Trento. \u00c8 stato nominato dai Consigli dei Dipartimenti [&hellip;]","og_url":"https:\/\/euricse.eu\/it\/marco-bombardelli-nuovo-direttore-del-master-gis\/","og_site_name":"Euricse","article_published_time":"2019-08-05T09:26:34+00:00","article_modified_time":"2019-09-20T07:40:36+00:00","og_image":[{"width":1024,"height":768,"url":"https:\/\/euricse.eu\/wp-content\/uploads\/2019\/08\/IMG_3860-1024x768.jpg","type":"image\/jpeg"}],"author":"redazione","twitter_card":"summary_large_image","twitter_misc":{"Scritto da":"redazione","Tempo di lettura stimato":"3 minuti"},"schema":{"@context":"https:\/\/schema.org","@graph":[{"@type":"WebPage","@id":"https:\/\/euricse.eu\/it\/marco-bombardelli-nuovo-direttore-del-master-gis\/","url":"https:\/\/euricse.eu\/it\/marco-bombardelli-nuovo-direttore-del-master-gis\/","name":"Marco Bombardelli, nuovo direttore del Master GIS - Euricse","isPartOf":{"@id":"https:\/\/euricse.eu\/en\/#website"},"primaryImageOfPage":{"@id":"https:\/\/euricse.eu\/it\/marco-bombardelli-nuovo-direttore-del-master-gis\/#primaryimage"},"image":{"@id":"https:\/\/euricse.eu\/it\/marco-bombardelli-nuovo-direttore-del-master-gis\/#primaryimage"},"thumbnailUrl":"https:\/\/euricse.eu\/wp-content\/uploads\/2019\/08\/IMG_3860.jpg","datePublished":"2019-08-05T09:26:34+00:00","dateModified":"2019-09-20T07:40:36+00:00","author":{"@id":"https:\/\/euricse.eu\/en\/#\/schema\/person\/46be9426d76e3114ba478b69f3d8040b"},"breadcrumb":{"@id":"https:\/\/euricse.eu\/it\/marco-bombardelli-nuovo-direttore-del-master-gis\/#breadcrumb"},"inLanguage":"it-IT","potentialAction":[{"@type":"ReadAction","target":["https:\/\/euricse.eu\/it\/marco-bombardelli-nuovo-direttore-del-master-gis\/"]}]},{"@type":"ImageObject","inLanguage":"it-IT","@id":"https:\/\/euricse.eu\/it\/marco-bombardelli-nuovo-direttore-del-master-gis\/#primaryimage","url":"https:\/\/euricse.eu\/wp-content\/uploads\/2019\/08\/IMG_3860.jpg","contentUrl":"https:\/\/euricse.eu\/wp-content\/uploads\/2019\/08\/IMG_3860.jpg","width":4032,"height":3024},{"@type":"BreadcrumbList","@id":"https:\/\/euricse.eu\/it\/marco-bombardelli-nuovo-direttore-del-master-gis\/#breadcrumb","itemListElement":[{"@type":"ListItem","position":1,"name":"Home","item":"https:\/\/euricse.eu\/it\/"},{"@type":"ListItem","position":2,"name":"Marco Bombardelli, nuovo direttore del Master GIS"}]},{"@type":"WebSite","@id":"https:\/\/euricse.eu\/en\/#website","url":"https:\/\/euricse.eu\/en\/","name":"Euricse","description":"Knowledge and innovation for cooperative and social enterprises.","potentialAction":[{"@type":"SearchAction","target":{"@type":"EntryPoint","urlTemplate":"https:\/\/euricse.eu\/en\/?s={search_term_string}"},"query-input":{"@type":"PropertyValueSpecification","valueRequired":true,"valueName":"search_term_string"}}],"inLanguage":"it-IT"},{"@type":"Person","@id":"https:\/\/euricse.eu\/en\/#\/schema\/person\/46be9426d76e3114ba478b69f3d8040b","name":"redazione","image":{"@type":"ImageObject","inLanguage":"it-IT","@id":"https:\/\/euricse.eu\/en\/#\/schema\/person\/image\/","url":"https:\/\/secure.gravatar.com\/avatar\/d1e5fb76fa001722a0822f32de0a8935d9c7a01b0f055f16dc71df73252c3c50?s=96&d=mm&r=g","contentUrl":"https:\/\/secure.gravatar.com\/avatar\/d1e5fb76fa001722a0822f32de0a8935d9c7a01b0f055f16dc71df73252c3c50?s=96&d=mm&r=g","caption":"redazione"},"url":"https:\/\/euricse.eu\/it\/author\/marikadmin\/"}]}},"_links":{"self":[{"href":"https:\/\/euricse.eu\/it\/wp-json\/wp\/v2\/posts\/8841","targetHints":{"allow":["GET"]}}],"collection":[{"href":"https:\/\/euricse.eu\/it\/wp-json\/wp\/v2\/posts"}],"about":[{"href":"https:\/\/euricse.eu\/it\/wp-json\/wp\/v2\/types\/post"}],"author":[{"embeddable":true,"href":"https:\/\/euricse.eu\/it\/wp-json\/wp\/v2\/users\/30"}],"replies":[{"embeddable":true,"href":"https:\/\/euricse.eu\/it\/wp-json\/wp\/v2\/comments?post=8841"}],"version-history":[{"count":0,"href":"https:\/\/euricse.eu\/it\/wp-json\/wp\/v2\/posts\/8841\/revisions"}],"wp:featuredmedia":[{"embeddable":true,"href":"https:\/\/euricse.eu\/it\/wp-json\/wp\/v2\/media\/8849"}],"wp:attachment":[{"href":"https:\/\/euricse.eu\/it\/wp-json\/wp\/v2\/media?parent=8841"}],"wp:term":[{"taxonomy":"category","embeddable":true,"href":"https:\/\/euricse.eu\/it\/wp-json\/wp\/v2\/categories?post=8841"},{"taxonomy":"post_tag","embeddable":true,"href":"https:\/\/euricse.eu\/it\/wp-json\/wp\/v2\/tags?post=8841"}],"curies":[{"name":"wp","href":"https:\/\/api.w.org\/{rel}","templated":true}]}}