{"id":8871,"date":"2019-08-28T11:27:35","date_gmt":"2019-08-28T10:27:35","guid":{"rendered":"https:\/\/euricse.staging.hgblu.com\/?p=8871"},"modified":"2022-05-13T10:30:04","modified_gmt":"2022-05-13T09:30:04","slug":"i-soggetti-del-terzo-settore-dopo-la-riforma-i-curatori-dei-seminari","status":"publish","type":"post","link":"https:\/\/euricse.eu\/it\/i-soggetti-del-terzo-settore-dopo-la-riforma-i-curatori-dei-seminari\/","title":{"rendered":"&#8220;I soggetti del Terzo Settore dopo la riforma&#8221;, i curatori dei seminari"},"content":{"rendered":"\r\n\r\n\r\n<p>Il 28 ottobre a Verona nella sala Bisoffi sar\u00e0 ospitato il primo appuntamento del nuovo ciclo di seminari organizzato da <strong><a href=\"https:\/\/www.cattolica.it\/\">Cattolica Assicurazioni<\/a><\/strong> in collaborazione con <strong>Euricse<\/strong>. Il tour in cinque citt\u00e0 italiane &#8211; <strong>Verona, Trento, Milano, Roma, Assisi <\/strong> &#8211; da ottobre a marzo esaminer\u00e0 le ricadute operative del nuovo Codice del Terzo settore sui soggetti protagonisti del nonprofit.<\/p>\r\n\r\n\r\n\r\n<p>Ecco le biografie dei curatori degli appuntamenti:<\/p>\r\n\r\n\r\n\r\n<p><strong>CARLO BORZAGA<\/strong><\/p>\r\n\r\n\r\n\r\n<div class=\"wp-block-image\">\r\n<figure class=\"aligncenter is-resized\"><img loading=\"lazy\" decoding=\"async\" class=\"wp-image-8872\" src=\"https:\/\/euricse.eu\/wp-content\/uploads\/2019\/08\/BORZAGA-1.png\" alt=\"\" width=\"300\" height=\"200\" srcset=\"https:\/\/euricse.eu\/wp-content\/uploads\/2019\/08\/BORZAGA-1.png 900w, https:\/\/euricse.eu\/wp-content\/uploads\/2019\/08\/BORZAGA-1-600x400.png 600w, https:\/\/euricse.eu\/wp-content\/uploads\/2019\/08\/BORZAGA-1-300x200.png 300w, https:\/\/euricse.eu\/wp-content\/uploads\/2019\/08\/BORZAGA-1-768x512.png 768w\" sizes=\"auto, (max-width: 300px) 100vw, 300px\" \/>\r\n<figcaption>Carlo Borzaga<\/figcaption>\r\n<\/figure>\r\n<\/div>\r\n\r\n\r\n\r\n<p>Docente ordinario di Politica economica dal 2001 presso la Facolt\u00e0 di Economia dell\u2019Universit\u00e0 di Trento. Dal 2003 al 2006 \u00e8 stato preside della Facolt\u00e0 di Economia. Nel 1996 ha contribuito alla fondazione dell\u2019Istituto Studi Sviluppo Aziende Nonprofit (ISSAN) di cui \u00e8 stato Presidente fino al 2009. Attualmente \u00e8 Presidente di Euricse &#8211; European Research Institute on Cooperative and Social Enterprises; Coordinatore del Master in Gestione di Imprese Sociali (GIS) (dal 1994\/95 al 2016\/17); \u00e8 membro fondatore e consigliere del network Emes (The Emergence of Social Enterprise in Europe). \u00c8 direttore scientifico delle rivista \u201cImpresa Sociale\u201d ed \u00e8 membro del Comitato editoriale di diverse riviste tra cui \u201cEconomia e Lavoro\u201d, \u201cRevue des \u00e9tudes coop\u00e9ratives mutualistes et associatives\u201d, \u201cSocial Enterprise Journal\u201d. Ha collaborato e collabora con diverse istituzioni nazionali (Ministero del Lavoro, Ministero della Famiglia e della solidariet\u00e0 sociale, ISFOL, ISTAT, Fondazione per il Volontariato, Provincia Autonoma di Trento) e internazionali (Unione Europea, OCSE, ILO).<\/p>\r\n\r\n\r\n\r\n<p><strong>ANTONIO FICI <\/strong><\/p>\r\n\r\n\r\n\r\n<div class=\"wp-block-image\">\r\n<figure class=\"aligncenter is-resized\"><img loading=\"lazy\" decoding=\"async\" class=\"wp-image-8874\" src=\"https:\/\/euricse.eu\/wp-content\/uploads\/2019\/08\/FICI-1-266x400.jpg\" alt=\"\" width=\"133\" height=\"200\" srcset=\"https:\/\/euricse.eu\/wp-content\/uploads\/2019\/08\/FICI-1.jpg 266w, https:\/\/euricse.eu\/wp-content\/uploads\/2019\/08\/FICI-1-200x300.jpg 200w\" sizes=\"auto, (max-width: 133px) 100vw, 133px\" \/>\r\n<figcaption>Antonio Fici<\/figcaption>\r\n<\/figure>\r\n<\/div>\r\n\r\n\r\n\r\n<p>Docente di Diritto privato presso l\u2019Universit\u00e0 degli Studi del Molise, Senior Research Fellow di Euricse e componente del Comitato scientifico per il Terzo settore di Cattolica Assicurazioni, si occupa da vent\u2019anni di imprese sociali, cooperative ed enti senza scopo di lucro. Nell\u2019ultimo anno ha redatto per il Parlamento europeo uno studio sullo statuto giuridico delle imprese sociali nei Paesi dell\u2019Unione europea, \u00e8 stato consulente del Ministero del lavoro e delle politiche sociali in tema di riforma del Terzo settore ed ha ricevuto l\u2019Italian Research in Philanthropy \u201cSpecial\u201d Award (IRPAS) da parte del Centro di ricerca sulla cooperazione e sul non profit dell\u2019Universit\u00e0 Cattolica di Milano. Insegna nel Master in Gestione di Imprese Sociali (GIS) organizzato da Euricse e dall\u2019Universit\u00e0 degli Studi di Trento e svolge attivit\u00e0 di consulenza scientifica per diverse organizzazioni del Terzo settore. \u00c8 autore di pi\u00f9 di cento pubblicazioni scientifiche in lingua italiana, inglese e spagnola.<\/p>\r\n\r\n\r\n\r\n<p><strong>GIOVANNI GIUDETTI<\/strong><\/p>\r\n\r\n\r\n\r\n<div class=\"wp-block-image\">\r\n<figure class=\"aligncenter is-resized\"><img loading=\"lazy\" decoding=\"async\" class=\"wp-image-8876\" src=\"https:\/\/euricse.eu\/wp-content\/uploads\/2019\/08\/GUIDETTI-1-400x400.jpeg\" alt=\"\" width=\"200\" height=\"200\" srcset=\"https:\/\/euricse.eu\/wp-content\/uploads\/2019\/08\/GUIDETTI-1-400x400.jpeg 400w, https:\/\/euricse.eu\/wp-content\/uploads\/2019\/08\/GUIDETTI-1-300x300.jpeg 300w, https:\/\/euricse.eu\/wp-content\/uploads\/2019\/08\/GUIDETTI-1-768x768.jpeg 768w, https:\/\/euricse.eu\/wp-content\/uploads\/2019\/08\/GUIDETTI-1-1024x1024.jpeg 1024w, https:\/\/euricse.eu\/wp-content\/uploads\/2019\/08\/GUIDETTI-1-16x16.jpeg 16w, https:\/\/euricse.eu\/wp-content\/uploads\/2019\/08\/GUIDETTI-1.jpeg 1600w\" sizes=\"auto, (max-width: 200px) 100vw, 200px\" \/>\r\n<figcaption>Giovanni Guidetti<\/figcaption>\r\n<\/figure>\r\n<\/div>\r\n\r\n\r\n\r\n<p>Docente presso MUN-Model United Nations, organizzazione non profit di simulazioni del modello delle Nazioni Unite, segretario del Comitato scientifico per il Terzo settore di Cattolica Assicurazioni, Ph.d. candidate nell\u2019ambito gestione dati personali, politiche migratorie e Terzo settore, \u00e8 cultore della materia di Diritto internazionale ed europeo presso la Pontificia Universit\u00e0 Lateranense. Dal 2015 \u00e8 research fellow per la Missione Permanente della Santa Sede presso l\u2019ONU ed altre Organizzazioni Internazionali di Ginevra. \u00c8 autore di numerose pubblicazioni riguardanti il soggetto migrante e i nuovi sviluppi di coesione sociale in rapporto alla mobilit\u00e0 umana. Vincitore nel maggio 2017, con un progetto di ricerca, del premio di studio e alta formazione messo a disposizione dalla Webster University in partnership con le Nazioni Unite e l\u2019IOM-International Organization for Migration.<\/p>\r\n\r\n\r\n\r\n<p><strong>LORENZO PILON<\/strong><\/p>\r\n\r\n\r\n\r\n<div class=\"wp-block-image\">\r\n<figure class=\"aligncenter is-resized\"><img loading=\"lazy\" decoding=\"async\" class=\"wp-image-8878\" src=\"https:\/\/euricse.eu\/wp-content\/uploads\/2019\/08\/PILON-1-400x400.jpg\" alt=\"\" width=\"200\" height=\"200\" srcset=\"https:\/\/euricse.eu\/wp-content\/uploads\/2019\/08\/PILON-1-400x400.jpg 400w, https:\/\/euricse.eu\/wp-content\/uploads\/2019\/08\/PILON-1-300x300.jpg 300w, https:\/\/euricse.eu\/wp-content\/uploads\/2019\/08\/PILON-1-768x768.jpg 768w, https:\/\/euricse.eu\/wp-content\/uploads\/2019\/08\/PILON-1-1024x1024.jpg 1024w, https:\/\/euricse.eu\/wp-content\/uploads\/2019\/08\/PILON-1-16x16.jpg 16w, https:\/\/euricse.eu\/wp-content\/uploads\/2019\/08\/PILON-1.jpg 1155w\" sizes=\"auto, (max-width: 200px) 100vw, 200px\" \/>\r\n<figcaption>Lorenzo Pilon<\/figcaption>\r\n<\/figure>\r\n<\/div>\r\n\r\n\r\n\r\n<p>Avvocato, abilitato al patrocinio davanti alle Magistrature superiori, svolge la libera professione dal 1985. Componente del Comitato scientifico per il Terzo settore di Cattolica Assicurazioni. E\u2019 stato Presidente di Solidarfidi, consorzio di garanzia collettiva fidi tra imprese sociali dal 2001 al 2016. Consulente legale di numerose Diocesi ed Istituzioni ecclesiastiche, Fondazioni, Consorzi tra imprese, Cooperative ed Associazioni di rappresentanza imprenditoriale. Presiede l\u2019Organismo di vigilanza ex D. Lgs. 231\/2001 in alcune societ\u00e0 agroalimentari ed istituzioni bancarie. Coautore del manuale La gestione e l\u2019amministrazione della parrocchia (2008) e del testo L\u2019Ente Ecclesiastico a trent\u2019anni dalla revisione del Concordato (2015). Dal 2006 al 2013 \u00e8 stato membro del Comitato per gli Enti e i Beni Ecclesiastici della Conferenza Episcopale Italiana<\/p>\r\n\r\n\r\n\r\n<p><strong>FELICE SCALVINI<\/strong><\/p>\r\n\r\n\r\n\r\n<div class=\"wp-block-image\">\r\n<figure class=\"aligncenter is-resized\"><img loading=\"lazy\" decoding=\"async\" class=\"wp-image-8880\" src=\"https:\/\/euricse.eu\/wp-content\/uploads\/2019\/08\/SCALVINI-1-300x169.jpg\" alt=\"\" width=\"300\" height=\"200\" \/>\r\n<figcaption>Felice Scalvini<\/figcaption>\r\n<\/figure>\r\n<\/div>\r\n\r\n\r\n\r\n<p>Avvocato, \u00e8 entrato a 23 anni nel mondo della finanza, ma a 29 anni, nel 1981, l\u2019ha abbandonato per dedicarsi al nascente fenomeno della cooperazione sociale, della quale \u00e8 stato leader nazionale, portandola al riconoscimento legislativo e all\u2019infrastrutturazione politica e imprenditoriale, promuovendo Federsolidariet\u00e0 e Consorzio Cgm, dei quali \u00e8 stato primo presidente. Ha promosso negli anni \u201980 la nascita di CGM finance e nei \u201990 le costituzione di Cosis, finanziaria per lo sviluppo dell\u2019impresa sociale. Pi\u00f9 recentemente, ha partecipato al concepimento e alla costituzione di Banca Prossima. \u00c8 stato consigliere della Fondazione Cariplo, e presidente della Fondazione Housing Sociale. Ha promosso la nascita di Assifero di cui \u00e8 tutt\u2019ora presidente. \u00c8 stato tra gli ideatori e promotori del Forum nazionale del terzo settore. \u00c8 direttore responsabile della rivista Impresa sociale.Dal 2013 al 2018 \u00e8 stato assessore al welfare del comune di Brescia.<\/p>\r\n\r\n\r\n\r\n<p><strong>GIANLUCA SALVATORI<\/strong><\/p>\r\n\r\n\r\n\r\n<div class=\"wp-block-image\">\r\n<figure class=\"aligncenter is-resized\"><img loading=\"lazy\" decoding=\"async\" class=\"wp-image-8882\" src=\"https:\/\/euricse.eu\/wp-content\/uploads\/2019\/08\/SALVATORI-1-602x400.jpg\" alt=\"\" width=\"301\" height=\"200\" srcset=\"https:\/\/euricse.eu\/wp-content\/uploads\/2019\/08\/SALVATORI-1-602x400.jpg 602w, https:\/\/euricse.eu\/wp-content\/uploads\/2019\/08\/SALVATORI-1-300x199.jpg 300w, https:\/\/euricse.eu\/wp-content\/uploads\/2019\/08\/SALVATORI-1-768x511.jpg 768w, https:\/\/euricse.eu\/wp-content\/uploads\/2019\/08\/SALVATORI-1-1024x681.jpg 1024w, https:\/\/euricse.eu\/wp-content\/uploads\/2019\/08\/SALVATORI-1.jpg 1170w\" sizes=\"auto, (max-width: 301px) 100vw, 301px\" \/>\r\n<figcaption>Gianluca Salvatori<\/figcaption>\r\n<\/figure>\r\n<\/div>\r\n\r\n\r\n\r\n<p>Segretario Generale di Euricse. Negli ultimi venti anni ha praticato il campo dell\u2019innovazione da diversi fronti e con vari approcci, accumulando un\u2019ottima esperienza pratica e teorica. Prima in un centro di ricerca tecnologica, oggi conosciuto come Fondazione Bruno Kessler, poi in veste di regolatore, come Assessore alla Ricerca e Innovazione. Dal 2009 al 2014 ha ricoperto il ruolo di presidente e amministratore delegato di \u201cProgetto Manifattura\u201d, dedicato alla ristrutturazione di un sito industriale che oggi ospita un\u2019innovation hub per la Green Economy. Da questa esperienza nel 2015 ha fondato Xnovation, una societ\u00e0 di consulenza specializzata in progetti per l\u2019innovazione e lo sviluppo locale.<\/p>\r\n","protected":false},"excerpt":{"rendered":"<p>Il 28 ottobre a Verona nella sala Bisoffi sar\u00e0 ospitato il primo appuntamento del nuovo ciclo di seminari organizzato da Cattolica Assicurazioni in collaborazione con Euricse. Il tour in cinque citt\u00e0 italiane &#8211; Verona, Trento, Milano, Roma, Assisi &#8211; da ottobre a marzo esaminer\u00e0 le ricadute operative del nuovo Codice del Terzo settore sui soggetti [&hellip;]<\/p>\n","protected":false},"author":30,"featured_media":15795,"comment_status":"closed","ping_status":"closed","sticky":false,"template":"","format":"standard","meta":{"_acf_changed":false,"episode_type":"","audio_file":"","cover_image":"","cover_image_id":"","duration":"","filesize":"","date_recorded":"","explicit":"","block":"","itunes_episode_number":"","itunes_title":"","itunes_season_number":"","itunes_episode_type":"","filesize_raw":"","footnotes":""},"categories":[14],"tags":[],"class_list":["post-8871","post","type-post","status-publish","format-standard","has-post-thumbnail","hentry","category-blog-it"],"acf":[],"yoast_head":"<!-- This site is optimized with the Yoast SEO plugin v26.1.1 - https:\/\/yoast.com\/wordpress\/plugins\/seo\/ -->\n<title>&quot;I soggetti del Terzo Settore dopo la riforma&quot;, i curatori dei seminari - Euricse<\/title>\n<meta name=\"robots\" content=\"index, follow, max-snippet:-1, max-image-preview:large, max-video-preview:-1\" \/>\n<link rel=\"canonical\" href=\"https:\/\/euricse.eu\/it\/i-soggetti-del-terzo-settore-dopo-la-riforma-i-curatori-dei-seminari\/\" \/>\n<meta property=\"og:locale\" content=\"it_IT\" \/>\n<meta property=\"og:type\" content=\"article\" \/>\n<meta property=\"og:title\" content=\"&quot;I soggetti del Terzo Settore dopo la riforma&quot;, i curatori dei seminari - Euricse\" \/>\n<meta property=\"og:description\" content=\"Il 28 ottobre a Verona nella sala Bisoffi sar\u00e0 ospitato il primo appuntamento del nuovo ciclo di seminari organizzato da Cattolica Assicurazioni in collaborazione con Euricse. Il tour in cinque citt\u00e0 italiane &#8211; Verona, Trento, Milano, Roma, Assisi &#8211; da ottobre a marzo esaminer\u00e0 le ricadute operative del nuovo Codice del Terzo settore sui soggetti [&hellip;]\" \/>\n<meta property=\"og:url\" content=\"https:\/\/euricse.eu\/it\/i-soggetti-del-terzo-settore-dopo-la-riforma-i-curatori-dei-seminari\/\" \/>\n<meta property=\"og:site_name\" content=\"Euricse\" \/>\n<meta property=\"article:published_time\" content=\"2019-08-28T10:27:35+00:00\" \/>\n<meta property=\"article:modified_time\" content=\"2022-05-13T09:30:04+00:00\" \/>\n<meta property=\"og:image\" content=\"https:\/\/euricse.eu\/wp-content\/uploads\/2019\/08\/Home-page-Euricse_loghi_2-1024x320-1.jpg\" \/>\n\t<meta property=\"og:image:width\" content=\"1024\" \/>\n\t<meta property=\"og:image:height\" content=\"320\" \/>\n\t<meta property=\"og:image:type\" content=\"image\/jpeg\" \/>\n<meta name=\"author\" content=\"redazione\" \/>\n<meta name=\"twitter:card\" content=\"summary_large_image\" \/>\n<meta name=\"twitter:label1\" content=\"Scritto da\" \/>\n\t<meta name=\"twitter:data1\" content=\"redazione\" \/>\n\t<meta name=\"twitter:label2\" content=\"Tempo di lettura stimato\" \/>\n\t<meta name=\"twitter:data2\" content=\"4 minuti\" \/>\n<script type=\"application\/ld+json\" class=\"yoast-schema-graph\">{\"@context\":\"https:\/\/schema.org\",\"@graph\":[{\"@type\":\"WebPage\",\"@id\":\"https:\/\/euricse.eu\/it\/i-soggetti-del-terzo-settore-dopo-la-riforma-i-curatori-dei-seminari\/\",\"url\":\"https:\/\/euricse.eu\/it\/i-soggetti-del-terzo-settore-dopo-la-riforma-i-curatori-dei-seminari\/\",\"name\":\"\\\"I soggetti del Terzo Settore dopo la riforma\\\", i curatori dei seminari - Euricse\",\"isPartOf\":{\"@id\":\"https:\/\/euricse.eu\/en\/#website\"},\"primaryImageOfPage\":{\"@id\":\"https:\/\/euricse.eu\/it\/i-soggetti-del-terzo-settore-dopo-la-riforma-i-curatori-dei-seminari\/#primaryimage\"},\"image\":{\"@id\":\"https:\/\/euricse.eu\/it\/i-soggetti-del-terzo-settore-dopo-la-riforma-i-curatori-dei-seminari\/#primaryimage\"},\"thumbnailUrl\":\"https:\/\/euricse.eu\/wp-content\/uploads\/2019\/08\/Home-page-Euricse_loghi_2-1024x320-1.jpg\",\"datePublished\":\"2019-08-28T10:27:35+00:00\",\"dateModified\":\"2022-05-13T09:30:04+00:00\",\"author\":{\"@id\":\"https:\/\/euricse.eu\/en\/#\/schema\/person\/46be9426d76e3114ba478b69f3d8040b\"},\"breadcrumb\":{\"@id\":\"https:\/\/euricse.eu\/it\/i-soggetti-del-terzo-settore-dopo-la-riforma-i-curatori-dei-seminari\/#breadcrumb\"},\"inLanguage\":\"it-IT\",\"potentialAction\":[{\"@type\":\"ReadAction\",\"target\":[\"https:\/\/euricse.eu\/it\/i-soggetti-del-terzo-settore-dopo-la-riforma-i-curatori-dei-seminari\/\"]}]},{\"@type\":\"ImageObject\",\"inLanguage\":\"it-IT\",\"@id\":\"https:\/\/euricse.eu\/it\/i-soggetti-del-terzo-settore-dopo-la-riforma-i-curatori-dei-seminari\/#primaryimage\",\"url\":\"https:\/\/euricse.eu\/wp-content\/uploads\/2019\/08\/Home-page-Euricse_loghi_2-1024x320-1.jpg\",\"contentUrl\":\"https:\/\/euricse.eu\/wp-content\/uploads\/2019\/08\/Home-page-Euricse_loghi_2-1024x320-1.jpg\",\"width\":1024,\"height\":320},{\"@type\":\"BreadcrumbList\",\"@id\":\"https:\/\/euricse.eu\/it\/i-soggetti-del-terzo-settore-dopo-la-riforma-i-curatori-dei-seminari\/#breadcrumb\",\"itemListElement\":[{\"@type\":\"ListItem\",\"position\":1,\"name\":\"Home\",\"item\":\"https:\/\/euricse.eu\/it\/\"},{\"@type\":\"ListItem\",\"position\":2,\"name\":\"&#8220;I soggetti del Terzo Settore dopo la riforma&#8221;, i curatori dei seminari\"}]},{\"@type\":\"WebSite\",\"@id\":\"https:\/\/euricse.eu\/en\/#website\",\"url\":\"https:\/\/euricse.eu\/en\/\",\"name\":\"Euricse\",\"description\":\"Knowledge and innovation for cooperative and social enterprises.\",\"potentialAction\":[{\"@type\":\"SearchAction\",\"target\":{\"@type\":\"EntryPoint\",\"urlTemplate\":\"https:\/\/euricse.eu\/en\/?s={search_term_string}\"},\"query-input\":{\"@type\":\"PropertyValueSpecification\",\"valueRequired\":true,\"valueName\":\"search_term_string\"}}],\"inLanguage\":\"it-IT\"},{\"@type\":\"Person\",\"@id\":\"https:\/\/euricse.eu\/en\/#\/schema\/person\/46be9426d76e3114ba478b69f3d8040b\",\"name\":\"redazione\",\"image\":{\"@type\":\"ImageObject\",\"inLanguage\":\"it-IT\",\"@id\":\"https:\/\/euricse.eu\/en\/#\/schema\/person\/image\/\",\"url\":\"https:\/\/secure.gravatar.com\/avatar\/d1e5fb76fa001722a0822f32de0a8935d9c7a01b0f055f16dc71df73252c3c50?s=96&d=mm&r=g\",\"contentUrl\":\"https:\/\/secure.gravatar.com\/avatar\/d1e5fb76fa001722a0822f32de0a8935d9c7a01b0f055f16dc71df73252c3c50?s=96&d=mm&r=g\",\"caption\":\"redazione\"},\"url\":\"https:\/\/euricse.eu\/it\/author\/marikadmin\/\"}]}<\/script>\n<!-- \/ Yoast SEO plugin. -->","yoast_head_json":{"title":"\"I soggetti del Terzo Settore dopo la riforma\", i curatori dei seminari - Euricse","robots":{"index":"index","follow":"follow","max-snippet":"max-snippet:-1","max-image-preview":"max-image-preview:large","max-video-preview":"max-video-preview:-1"},"canonical":"https:\/\/euricse.eu\/it\/i-soggetti-del-terzo-settore-dopo-la-riforma-i-curatori-dei-seminari\/","og_locale":"it_IT","og_type":"article","og_title":"\"I soggetti del Terzo Settore dopo la riforma\", i curatori dei seminari - Euricse","og_description":"Il 28 ottobre a Verona nella sala Bisoffi sar\u00e0 ospitato il primo appuntamento del nuovo ciclo di seminari organizzato da Cattolica Assicurazioni in collaborazione con Euricse. Il tour in cinque citt\u00e0 italiane &#8211; Verona, Trento, Milano, Roma, Assisi &#8211; da ottobre a marzo esaminer\u00e0 le ricadute operative del nuovo Codice del Terzo settore sui soggetti [&hellip;]","og_url":"https:\/\/euricse.eu\/it\/i-soggetti-del-terzo-settore-dopo-la-riforma-i-curatori-dei-seminari\/","og_site_name":"Euricse","article_published_time":"2019-08-28T10:27:35+00:00","article_modified_time":"2022-05-13T09:30:04+00:00","og_image":[{"width":1024,"height":320,"url":"https:\/\/euricse.eu\/wp-content\/uploads\/2019\/08\/Home-page-Euricse_loghi_2-1024x320-1.jpg","type":"image\/jpeg"}],"author":"redazione","twitter_card":"summary_large_image","twitter_misc":{"Scritto da":"redazione","Tempo di lettura stimato":"4 minuti"},"schema":{"@context":"https:\/\/schema.org","@graph":[{"@type":"WebPage","@id":"https:\/\/euricse.eu\/it\/i-soggetti-del-terzo-settore-dopo-la-riforma-i-curatori-dei-seminari\/","url":"https:\/\/euricse.eu\/it\/i-soggetti-del-terzo-settore-dopo-la-riforma-i-curatori-dei-seminari\/","name":"\"I soggetti del Terzo Settore dopo la riforma\", i curatori dei seminari - Euricse","isPartOf":{"@id":"https:\/\/euricse.eu\/en\/#website"},"primaryImageOfPage":{"@id":"https:\/\/euricse.eu\/it\/i-soggetti-del-terzo-settore-dopo-la-riforma-i-curatori-dei-seminari\/#primaryimage"},"image":{"@id":"https:\/\/euricse.eu\/it\/i-soggetti-del-terzo-settore-dopo-la-riforma-i-curatori-dei-seminari\/#primaryimage"},"thumbnailUrl":"https:\/\/euricse.eu\/wp-content\/uploads\/2019\/08\/Home-page-Euricse_loghi_2-1024x320-1.jpg","datePublished":"2019-08-28T10:27:35+00:00","dateModified":"2022-05-13T09:30:04+00:00","author":{"@id":"https:\/\/euricse.eu\/en\/#\/schema\/person\/46be9426d76e3114ba478b69f3d8040b"},"breadcrumb":{"@id":"https:\/\/euricse.eu\/it\/i-soggetti-del-terzo-settore-dopo-la-riforma-i-curatori-dei-seminari\/#breadcrumb"},"inLanguage":"it-IT","potentialAction":[{"@type":"ReadAction","target":["https:\/\/euricse.eu\/it\/i-soggetti-del-terzo-settore-dopo-la-riforma-i-curatori-dei-seminari\/"]}]},{"@type":"ImageObject","inLanguage":"it-IT","@id":"https:\/\/euricse.eu\/it\/i-soggetti-del-terzo-settore-dopo-la-riforma-i-curatori-dei-seminari\/#primaryimage","url":"https:\/\/euricse.eu\/wp-content\/uploads\/2019\/08\/Home-page-Euricse_loghi_2-1024x320-1.jpg","contentUrl":"https:\/\/euricse.eu\/wp-content\/uploads\/2019\/08\/Home-page-Euricse_loghi_2-1024x320-1.jpg","width":1024,"height":320},{"@type":"BreadcrumbList","@id":"https:\/\/euricse.eu\/it\/i-soggetti-del-terzo-settore-dopo-la-riforma-i-curatori-dei-seminari\/#breadcrumb","itemListElement":[{"@type":"ListItem","position":1,"name":"Home","item":"https:\/\/euricse.eu\/it\/"},{"@type":"ListItem","position":2,"name":"&#8220;I soggetti del Terzo Settore dopo la riforma&#8221;, i curatori dei seminari"}]},{"@type":"WebSite","@id":"https:\/\/euricse.eu\/en\/#website","url":"https:\/\/euricse.eu\/en\/","name":"Euricse","description":"Knowledge and innovation for cooperative and social enterprises.","potentialAction":[{"@type":"SearchAction","target":{"@type":"EntryPoint","urlTemplate":"https:\/\/euricse.eu\/en\/?s={search_term_string}"},"query-input":{"@type":"PropertyValueSpecification","valueRequired":true,"valueName":"search_term_string"}}],"inLanguage":"it-IT"},{"@type":"Person","@id":"https:\/\/euricse.eu\/en\/#\/schema\/person\/46be9426d76e3114ba478b69f3d8040b","name":"redazione","image":{"@type":"ImageObject","inLanguage":"it-IT","@id":"https:\/\/euricse.eu\/en\/#\/schema\/person\/image\/","url":"https:\/\/secure.gravatar.com\/avatar\/d1e5fb76fa001722a0822f32de0a8935d9c7a01b0f055f16dc71df73252c3c50?s=96&d=mm&r=g","contentUrl":"https:\/\/secure.gravatar.com\/avatar\/d1e5fb76fa001722a0822f32de0a8935d9c7a01b0f055f16dc71df73252c3c50?s=96&d=mm&r=g","caption":"redazione"},"url":"https:\/\/euricse.eu\/it\/author\/marikadmin\/"}]}},"_links":{"self":[{"href":"https:\/\/euricse.eu\/it\/wp-json\/wp\/v2\/posts\/8871","targetHints":{"allow":["GET"]}}],"collection":[{"href":"https:\/\/euricse.eu\/it\/wp-json\/wp\/v2\/posts"}],"about":[{"href":"https:\/\/euricse.eu\/it\/wp-json\/wp\/v2\/types\/post"}],"author":[{"embeddable":true,"href":"https:\/\/euricse.eu\/it\/wp-json\/wp\/v2\/users\/30"}],"replies":[{"embeddable":true,"href":"https:\/\/euricse.eu\/it\/wp-json\/wp\/v2\/comments?post=8871"}],"version-history":[{"count":1,"href":"https:\/\/euricse.eu\/it\/wp-json\/wp\/v2\/posts\/8871\/revisions"}],"predecessor-version":[{"id":15797,"href":"https:\/\/euricse.eu\/it\/wp-json\/wp\/v2\/posts\/8871\/revisions\/15797"}],"wp:featuredmedia":[{"embeddable":true,"href":"https:\/\/euricse.eu\/it\/wp-json\/wp\/v2\/media\/15795"}],"wp:attachment":[{"href":"https:\/\/euricse.eu\/it\/wp-json\/wp\/v2\/media?parent=8871"}],"wp:term":[{"taxonomy":"category","embeddable":true,"href":"https:\/\/euricse.eu\/it\/wp-json\/wp\/v2\/categories?post=8871"},{"taxonomy":"post_tag","embeddable":true,"href":"https:\/\/euricse.eu\/it\/wp-json\/wp\/v2\/tags?post=8871"}],"curies":[{"name":"wp","href":"https:\/\/api.w.org\/{rel}","templated":true}]}}