{"id":9149,"date":"2019-11-06T14:40:38","date_gmt":"2019-11-06T14:40:38","guid":{"rendered":"https:\/\/euricse.staging.hgblu.com\/?p=9149"},"modified":"2019-11-06T14:40:40","modified_gmt":"2019-11-06T14:40:40","slug":"limpatto-delle-cooperative-sociali-servizi-per-oltre-24-000-utenti-e-piu-di-1-700-lavoratori-svantaggiati","status":"publish","type":"post","link":"https:\/\/euricse.eu\/it\/limpatto-delle-cooperative-sociali-servizi-per-oltre-24-000-utenti-e-piu-di-1-700-lavoratori-svantaggiati\/","title":{"rendered":"L\u2019impatto delle cooperative sociali, servizi per oltre 24.000 utenti e pi\u00f9 di 1.700 lavoratori svantaggiati"},"content":{"rendered":"\n<h3 class=\"wp-block-heading\"><em>La seconda rilevazione di Euricse-ImpACT sulle coop associate a Consolida<\/em>. <em>I lavoratori (stabili, non stagionali) sono 4.500, il 75% sono donne<\/em><\/h3>\n\n\n\n<p><strong>Sono stati presentati mercoled\u00ec 6 ottobre a Trento nell\u2019ambito del evento di apertura di \u201cImpresa sociale al cubo\u201d, i risultati del secondo anno di sperimentazione del metodo ImpACT ideato da Euricse: i questionari sono stati somministrati nel corso del 2018 a 48 delle 49 cooperative sociali attive in Trentino associate al consorzio Consolida (30 di tipo A, 17 di tipo B e 1 plurima). I dati offrono uno spaccato sull\u2019attivit\u00e0, sull\u2019occupazione prodotta, sui servizi erogati e sull\u2019impatto generato per il territorio. <\/strong><\/p>\n\n\n\n<div class=\"wp-block-image\"><figure class=\"alignright\"><img loading=\"lazy\" decoding=\"async\" width=\"300\" height=\"225\" src=\"https:\/\/euricse.eu\/wp-content\/uploads\/2019\/11\/sara1-300x225.jpg\" alt=\"\" class=\"wp-image-9150\" srcset=\"https:\/\/euricse.eu\/wp-content\/uploads\/2019\/11\/sara1-300x225.jpg 300w, https:\/\/euricse.eu\/wp-content\/uploads\/2019\/11\/sara1-533x400.jpg 533w, https:\/\/euricse.eu\/wp-content\/uploads\/2019\/11\/sara1-768x576.jpg 768w, https:\/\/euricse.eu\/wp-content\/uploads\/2019\/11\/sara1-1024x768.jpg 1024w, https:\/\/euricse.eu\/wp-content\/uploads\/2019\/11\/sara1.jpg 1600w\" sizes=\"auto, (max-width: 300px) 100vw, 300px\" \/><\/figure><\/div>\n\n\n\n<p><strong>La raccolta dati.<\/strong><\/p>\n\n\n\n<p>La rilevazione, coordinata da Sara Depedri, ricercatrice senior di Euricse, oltre a permettere di adempiere agli obblighi di redazione di bilancio sociale e valutazione dell\u2019impatto sociale lanciati nell\u2019estate dai decreti legislativi in tema di Riforma del terzo settore e dalle linee guida provinciali, fornisce dati di sistema e informazioni strategiche per l\u2019evoluzione dei servizi nelle cooperative sociali e per le politiche locali. Nella sostanza, si tratta di una raccolta dati quantitativa e qualitativa, relativa all\u2019esercizio 2018, realizzata attraverso la compilazione di questionari. La novit\u00e0 di quest\u2019anno -in fase di sperimentazione nelle cooperative- \u00e8 l\u2019inserimento di una valutazione partecipata da parte degli utenti, dei famigliari e dei lavoratori svantaggiati. <\/p>\n\n\n\n<p><strong>I risultati<\/strong><\/p>\n\n\n\n<p>Gli utenti delle cooperative sociali dedite all\u2019erogazione di servizi sono <strong>24.000<\/strong> considerando le persone servite sia nelle proprie strutture sia a domicilio; a questo numero si aggiungono i beneficiari di sportelli, trasporto e ulteriori servizi alla comunit\u00e0, per arrivare a un totale di oltre <strong>42.000<\/strong> persone che ricevono servizi da cooperative sociali. Si tratta in prevalenza di giovani (circa 11.200 nella fascia 6-24 anni), bambini in et\u00e0 prescolare (2.600) e anziani (pi\u00f9 di 3.700 over 65). I settori di attivit\u00e0 sono per il 90% servizi sociali e socio assistenziali, per il 43% educativi e per il 40% socio sanitari.<\/p>\n\n\n\n<p>Le cooperative sociali di inserimento lavorativo (18\nsulle 48 partecipanti) hanno offerto occupazione nell\u2019anno complessivamente a <strong>1700 persone<\/strong> <strong>svantaggiate<\/strong> nell\u2019ambito delle varie azioni e politiche\noccupazionali, agendo prevalentemente nei settori delle pulizie e della\nconservazione del paesaggio ma anche nei campi della ristorazione, della\nlavanderia e della manifattura. Sono <strong>740<\/strong>\nle persone svantaggiate presenti a fine anno e ben <strong>634<\/strong> i <strong>nuovi ingressi<\/strong>\nsolo nel 2018. Occasioni lavorative di cui hanno beneficiato prevalentemente\npersone con disabilit\u00e0 fisica (44%), psichica o psichico-sensoriale (36,3%),\ncon dipendenze (13%) ma anche detenuti (5%). <\/p>\n\n\n\n<p>Le cooperative sociali analizzate hanno generato <strong>occupazione<\/strong> stabile per oltre <strong>4.500 lavoratori<\/strong>, di cui il 76% a tempo\nindeterminato. Di pi\u00f9: il 74,9% degli occupati \u00e8 donna, il 17,5% ha meno di 30\nanni e il 24,3% ha un diploma di laurea. <\/p>\n\n\n\n<p>Il <strong>valore della\nproduzione<\/strong> nel 2018 \u00e8 stato di <strong>162\nmilioni<\/strong> con &#8211; in media \u2013 il 91% degli acquisti fatti dalle cooperative\nsociali a favore di imprese del territorio; la patrimonializzazione media \u00e8 di 1,3\nmilioni di euro a cooperativa. Pur rimanendo una certa dipendenza dalle entrate\npubbliche (contributi ma soprattutto ricavi da vendita di servizi) \u00e8 buona\nanche la capacit\u00e0 di raccogliere finanziamenti da fonti nuove ed eterogenee.<\/p>\n\n\n\n<p>Per quanto riguarda la base sociale, il numero totale di <strong>soci<\/strong> \u00e8 pari a <strong>3.326<\/strong>, con 8 cooperative che contano pi\u00f9 di 100 soci. Diversificata\nla tipologia: quasi un terzo sono utenti o loro famigliari, il 33% lavoratori e\nil 23% volontari. Anche nei Cda, composti in media da 7 persone, la presenza di\n<strong>volontari<\/strong> \u00e8 importante. Proprio\nquesti ultimi rappresentano una risorsa rilevante per le cooperative sociali: contribuiscono\nalle attivit\u00e0 svolte <strong>1.694 persone<\/strong>\nper <strong>91 mila ore di volontariato<\/strong> offerte\ncomplessivamente.<\/p>\n\n\n\n<div class=\"wp-block-image\"><figure class=\"aligncenter is-resized\"><img loading=\"lazy\" decoding=\"async\" src=\"https:\/\/euricse.eu\/wp-content\/uploads\/2019\/11\/sara2-1024x768.jpg\" alt=\"\" class=\"wp-image-9172\" width=\"512\" height=\"384\" srcset=\"https:\/\/euricse.eu\/wp-content\/uploads\/2019\/11\/sara2-1024x768.jpg 1024w, https:\/\/euricse.eu\/wp-content\/uploads\/2019\/11\/sara2-533x400.jpg 533w, https:\/\/euricse.eu\/wp-content\/uploads\/2019\/11\/sara2-300x225.jpg 300w, https:\/\/euricse.eu\/wp-content\/uploads\/2019\/11\/sara2-768x576.jpg 768w, https:\/\/euricse.eu\/wp-content\/uploads\/2019\/11\/sara2.jpg 1320w\" sizes=\"auto, (max-width: 512px) 100vw, 512px\" \/><\/figure><\/div>\n\n\n\n<p><strong>La\nnovit\u00e0 della valutazione partecipata.<\/strong> Tuttora\nin fase di raccolta, i primi dati dei questionari somministrati a 105 utenti,\n47 familiari e 49 lavoratori svantaggiati di un campione di cooperative sociali\nfanno emergere uno spaccato che testimonia l\u2019<strong>apprezzamento nei confronti delle cooperative sociali <\/strong>sia in\ntermini di servizi sia di ricadute sul benessere e sulla vita dei singoli e dei\nterritori. Nonostante la netta maggioranza degli utenti sia giunto alla cooperativa\nper indicazione della pubblica amministrazione, l\u201981% vorrebbe continuare a\nricevere servizi dalla stessa e solo il 4% vorrebbe cambiare. Interpellati\nsulla soddisfazione per il servizio ricevuto, gli utenti hanno assegnato un\npunteggio medio di 8 su 10 per le varie dimensioni del servizio. Ma essere\nseguiti \u00e8 anche generazione di benessere, di miglioramenti nel proprio stati di\nvita e di \u201cfelicit\u00e0\u201d (con giudizio espresso di 8,1 su 10). Per quanto riguarda\ni famigliari, le problematiche emerse riguardano le difficolt\u00e0 di accesso, per\nil 23% legate ai tempi di attesa. D\u2019altro canto, prima di appoggiarsi alla\ncooperativa, l\u2019utente era seguito dalla famiglia nel 40% dei casi. L\u2019ultimo\nfocus riguarda i lavoratori svantaggiati: solo il 23% riceve uno stipendio\ninferiore a 800 euro mensili netti, con il 51% a tempo pieno. A dimostrazione\ndel fatto che l\u2019inserimento non \u00e8 finalizzato unicamente all\u2019acquisizione di\ncompetenze lavorative, bens\u00ec anche allo sviluppo di fiducia in s\u00e9 stessi e di abilit\u00e0\nrelazionali, il 42% dei lavoratori crede di avere discrete o buone probabilit\u00e0\ndi trovare un\u2019occupazione in un\u2019organizzazione diversa dalle cooperative\nsociali. <\/p>\n\n\n\n<blockquote class=\"wp-block-quote is-layout-flow wp-block-quote-is-layout-flow\"><p> \u201cL\u2019insieme dei dati raccolti \u00e8 uno strumento prezioso di pianificazione strategica per la singola organizzazione e, a livello di sistema, fornisce una chiave di lettura scientificamente validata dell\u2019impatto economico e sociale generato\u201d \u201cNel 2018 siamo passati alla fase due del metodo ImpAct, con l\u2019obiettivo di mettere al centro la persona, intercettando i suoi bisogni &#8211; soddisfatti ed insoddisfatti &#8211; i margini di miglioramento futuri nei servizi e le ricadute sulla propria vita. E in questa direzione di valutazione partecipata si continuer\u00e0 il prossimo anno, prevedendo ulteriori approfondimenti legati ad altri stakeholder, quali la pubblica amministrazione e i lavoratori ordinari\u201d <\/p><cite> <strong>Sara Depedri, ricercatrice senior di Euricse e coordinatrice della raccolta dati<\/strong>   <\/cite><\/blockquote>\n\n\n\n<p><\/p>\n\n\n\n<p><\/p>\n","protected":false},"excerpt":{"rendered":"<p>La seconda rilevazione di Euricse-ImpACT sulle coop associate a Consolida. I lavoratori (stabili, non stagionali) sono 4.500, il 75% sono donne Sono stati presentati mercoled\u00ec 6 ottobre a Trento nell\u2019ambito del evento di apertura di \u201cImpresa sociale al cubo\u201d, i risultati del secondo anno di sperimentazione del metodo ImpACT ideato da Euricse: i questionari sono [&hellip;]<\/p>\n","protected":false},"author":30,"featured_media":9170,"comment_status":"open","ping_status":"closed","sticky":false,"template":"","format":"standard","meta":{"_acf_changed":false,"episode_type":"","audio_file":"","cover_image":"","cover_image_id":"","duration":"","filesize":"","date_recorded":"","explicit":"","block":"","itunes_episode_number":"","itunes_title":"","itunes_season_number":"","itunes_episode_type":"","filesize_raw":"","footnotes":""},"categories":[17],"tags":[],"class_list":["post-9149","post","type-post","status-publish","format-standard","has-post-thumbnail","hentry","category-news-it"],"acf":[],"yoast_head":"<!-- This site is optimized with the Yoast SEO plugin v26.1.1 - https:\/\/yoast.com\/wordpress\/plugins\/seo\/ -->\n<title>L\u2019impatto delle cooperative sociali, servizi per oltre 24.000 utenti e pi\u00f9 di 1.700 lavoratori svantaggiati - Euricse<\/title>\n<meta name=\"robots\" content=\"index, follow, max-snippet:-1, max-image-preview:large, max-video-preview:-1\" \/>\n<link rel=\"canonical\" href=\"https:\/\/euricse.eu\/it\/limpatto-delle-cooperative-sociali-servizi-per-oltre-24-000-utenti-e-piu-di-1-700-lavoratori-svantaggiati\/\" \/>\n<meta property=\"og:locale\" content=\"it_IT\" \/>\n<meta property=\"og:type\" content=\"article\" \/>\n<meta property=\"og:title\" content=\"L\u2019impatto delle cooperative sociali, servizi per oltre 24.000 utenti e pi\u00f9 di 1.700 lavoratori svantaggiati - Euricse\" \/>\n<meta property=\"og:description\" content=\"La seconda rilevazione di Euricse-ImpACT sulle coop associate a Consolida. I lavoratori (stabili, non stagionali) sono 4.500, il 75% sono donne Sono stati presentati mercoled\u00ec 6 ottobre a Trento nell\u2019ambito del evento di apertura di \u201cImpresa sociale al cubo\u201d, i risultati del secondo anno di sperimentazione del metodo ImpACT ideato da Euricse: i questionari sono [&hellip;]\" \/>\n<meta property=\"og:url\" content=\"https:\/\/euricse.eu\/it\/limpatto-delle-cooperative-sociali-servizi-per-oltre-24-000-utenti-e-piu-di-1-700-lavoratori-svantaggiati\/\" \/>\n<meta property=\"og:site_name\" content=\"Euricse\" \/>\n<meta property=\"article:published_time\" content=\"2019-11-06T14:40:38+00:00\" \/>\n<meta property=\"article:modified_time\" content=\"2019-11-06T14:40:40+00:00\" \/>\n<meta property=\"og:image\" content=\"https:\/\/euricse.eu\/wp-content\/uploads\/2019\/11\/sara3-2.jpg\" \/>\n\t<meta property=\"og:image:width\" content=\"1600\" \/>\n\t<meta property=\"og:image:height\" content=\"1200\" \/>\n\t<meta property=\"og:image:type\" content=\"image\/jpeg\" \/>\n<meta name=\"author\" content=\"redazione\" \/>\n<meta name=\"twitter:card\" content=\"summary_large_image\" \/>\n<meta name=\"twitter:label1\" content=\"Scritto da\" \/>\n\t<meta name=\"twitter:data1\" content=\"redazione\" \/>\n\t<meta name=\"twitter:label2\" content=\"Tempo di lettura stimato\" \/>\n\t<meta name=\"twitter:data2\" content=\"5 minuti\" \/>\n<script type=\"application\/ld+json\" class=\"yoast-schema-graph\">{\"@context\":\"https:\/\/schema.org\",\"@graph\":[{\"@type\":\"WebPage\",\"@id\":\"https:\/\/euricse.eu\/it\/limpatto-delle-cooperative-sociali-servizi-per-oltre-24-000-utenti-e-piu-di-1-700-lavoratori-svantaggiati\/\",\"url\":\"https:\/\/euricse.eu\/it\/limpatto-delle-cooperative-sociali-servizi-per-oltre-24-000-utenti-e-piu-di-1-700-lavoratori-svantaggiati\/\",\"name\":\"L\u2019impatto delle cooperative sociali, servizi per oltre 24.000 utenti e pi\u00f9 di 1.700 lavoratori svantaggiati - Euricse\",\"isPartOf\":{\"@id\":\"https:\/\/euricse.eu\/en\/#website\"},\"primaryImageOfPage\":{\"@id\":\"https:\/\/euricse.eu\/it\/limpatto-delle-cooperative-sociali-servizi-per-oltre-24-000-utenti-e-piu-di-1-700-lavoratori-svantaggiati\/#primaryimage\"},\"image\":{\"@id\":\"https:\/\/euricse.eu\/it\/limpatto-delle-cooperative-sociali-servizi-per-oltre-24-000-utenti-e-piu-di-1-700-lavoratori-svantaggiati\/#primaryimage\"},\"thumbnailUrl\":\"https:\/\/euricse.eu\/wp-content\/uploads\/2019\/11\/sara3-2.jpg\",\"datePublished\":\"2019-11-06T14:40:38+00:00\",\"dateModified\":\"2019-11-06T14:40:40+00:00\",\"author\":{\"@id\":\"https:\/\/euricse.eu\/en\/#\/schema\/person\/46be9426d76e3114ba478b69f3d8040b\"},\"breadcrumb\":{\"@id\":\"https:\/\/euricse.eu\/it\/limpatto-delle-cooperative-sociali-servizi-per-oltre-24-000-utenti-e-piu-di-1-700-lavoratori-svantaggiati\/#breadcrumb\"},\"inLanguage\":\"it-IT\",\"potentialAction\":[{\"@type\":\"ReadAction\",\"target\":[\"https:\/\/euricse.eu\/it\/limpatto-delle-cooperative-sociali-servizi-per-oltre-24-000-utenti-e-piu-di-1-700-lavoratori-svantaggiati\/\"]}]},{\"@type\":\"ImageObject\",\"inLanguage\":\"it-IT\",\"@id\":\"https:\/\/euricse.eu\/it\/limpatto-delle-cooperative-sociali-servizi-per-oltre-24-000-utenti-e-piu-di-1-700-lavoratori-svantaggiati\/#primaryimage\",\"url\":\"https:\/\/euricse.eu\/wp-content\/uploads\/2019\/11\/sara3-2.jpg\",\"contentUrl\":\"https:\/\/euricse.eu\/wp-content\/uploads\/2019\/11\/sara3-2.jpg\",\"width\":1600,\"height\":1200},{\"@type\":\"BreadcrumbList\",\"@id\":\"https:\/\/euricse.eu\/it\/limpatto-delle-cooperative-sociali-servizi-per-oltre-24-000-utenti-e-piu-di-1-700-lavoratori-svantaggiati\/#breadcrumb\",\"itemListElement\":[{\"@type\":\"ListItem\",\"position\":1,\"name\":\"Home\",\"item\":\"https:\/\/euricse.eu\/it\/\"},{\"@type\":\"ListItem\",\"position\":2,\"name\":\"L\u2019impatto delle cooperative sociali, servizi per oltre 24.000 utenti e pi\u00f9 di 1.700 lavoratori svantaggiati\"}]},{\"@type\":\"WebSite\",\"@id\":\"https:\/\/euricse.eu\/en\/#website\",\"url\":\"https:\/\/euricse.eu\/en\/\",\"name\":\"Euricse\",\"description\":\"Knowledge and innovation for cooperative and social enterprises.\",\"potentialAction\":[{\"@type\":\"SearchAction\",\"target\":{\"@type\":\"EntryPoint\",\"urlTemplate\":\"https:\/\/euricse.eu\/en\/?s={search_term_string}\"},\"query-input\":{\"@type\":\"PropertyValueSpecification\",\"valueRequired\":true,\"valueName\":\"search_term_string\"}}],\"inLanguage\":\"it-IT\"},{\"@type\":\"Person\",\"@id\":\"https:\/\/euricse.eu\/en\/#\/schema\/person\/46be9426d76e3114ba478b69f3d8040b\",\"name\":\"redazione\",\"image\":{\"@type\":\"ImageObject\",\"inLanguage\":\"it-IT\",\"@id\":\"https:\/\/euricse.eu\/en\/#\/schema\/person\/image\/\",\"url\":\"https:\/\/secure.gravatar.com\/avatar\/d1e5fb76fa001722a0822f32de0a8935d9c7a01b0f055f16dc71df73252c3c50?s=96&d=mm&r=g\",\"contentUrl\":\"https:\/\/secure.gravatar.com\/avatar\/d1e5fb76fa001722a0822f32de0a8935d9c7a01b0f055f16dc71df73252c3c50?s=96&d=mm&r=g\",\"caption\":\"redazione\"},\"url\":\"https:\/\/euricse.eu\/it\/author\/marikadmin\/\"}]}<\/script>\n<!-- \/ Yoast SEO plugin. -->","yoast_head_json":{"title":"L\u2019impatto delle cooperative sociali, servizi per oltre 24.000 utenti e pi\u00f9 di 1.700 lavoratori svantaggiati - Euricse","robots":{"index":"index","follow":"follow","max-snippet":"max-snippet:-1","max-image-preview":"max-image-preview:large","max-video-preview":"max-video-preview:-1"},"canonical":"https:\/\/euricse.eu\/it\/limpatto-delle-cooperative-sociali-servizi-per-oltre-24-000-utenti-e-piu-di-1-700-lavoratori-svantaggiati\/","og_locale":"it_IT","og_type":"article","og_title":"L\u2019impatto delle cooperative sociali, servizi per oltre 24.000 utenti e pi\u00f9 di 1.700 lavoratori svantaggiati - Euricse","og_description":"La seconda rilevazione di Euricse-ImpACT sulle coop associate a Consolida. I lavoratori (stabili, non stagionali) sono 4.500, il 75% sono donne Sono stati presentati mercoled\u00ec 6 ottobre a Trento nell\u2019ambito del evento di apertura di \u201cImpresa sociale al cubo\u201d, i risultati del secondo anno di sperimentazione del metodo ImpACT ideato da Euricse: i questionari sono [&hellip;]","og_url":"https:\/\/euricse.eu\/it\/limpatto-delle-cooperative-sociali-servizi-per-oltre-24-000-utenti-e-piu-di-1-700-lavoratori-svantaggiati\/","og_site_name":"Euricse","article_published_time":"2019-11-06T14:40:38+00:00","article_modified_time":"2019-11-06T14:40:40+00:00","og_image":[{"width":1600,"height":1200,"url":"https:\/\/euricse.eu\/wp-content\/uploads\/2019\/11\/sara3-2.jpg","type":"image\/jpeg"}],"author":"redazione","twitter_card":"summary_large_image","twitter_misc":{"Scritto da":"redazione","Tempo di lettura stimato":"5 minuti"},"schema":{"@context":"https:\/\/schema.org","@graph":[{"@type":"WebPage","@id":"https:\/\/euricse.eu\/it\/limpatto-delle-cooperative-sociali-servizi-per-oltre-24-000-utenti-e-piu-di-1-700-lavoratori-svantaggiati\/","url":"https:\/\/euricse.eu\/it\/limpatto-delle-cooperative-sociali-servizi-per-oltre-24-000-utenti-e-piu-di-1-700-lavoratori-svantaggiati\/","name":"L\u2019impatto delle cooperative sociali, servizi per oltre 24.000 utenti e pi\u00f9 di 1.700 lavoratori svantaggiati - Euricse","isPartOf":{"@id":"https:\/\/euricse.eu\/en\/#website"},"primaryImageOfPage":{"@id":"https:\/\/euricse.eu\/it\/limpatto-delle-cooperative-sociali-servizi-per-oltre-24-000-utenti-e-piu-di-1-700-lavoratori-svantaggiati\/#primaryimage"},"image":{"@id":"https:\/\/euricse.eu\/it\/limpatto-delle-cooperative-sociali-servizi-per-oltre-24-000-utenti-e-piu-di-1-700-lavoratori-svantaggiati\/#primaryimage"},"thumbnailUrl":"https:\/\/euricse.eu\/wp-content\/uploads\/2019\/11\/sara3-2.jpg","datePublished":"2019-11-06T14:40:38+00:00","dateModified":"2019-11-06T14:40:40+00:00","author":{"@id":"https:\/\/euricse.eu\/en\/#\/schema\/person\/46be9426d76e3114ba478b69f3d8040b"},"breadcrumb":{"@id":"https:\/\/euricse.eu\/it\/limpatto-delle-cooperative-sociali-servizi-per-oltre-24-000-utenti-e-piu-di-1-700-lavoratori-svantaggiati\/#breadcrumb"},"inLanguage":"it-IT","potentialAction":[{"@type":"ReadAction","target":["https:\/\/euricse.eu\/it\/limpatto-delle-cooperative-sociali-servizi-per-oltre-24-000-utenti-e-piu-di-1-700-lavoratori-svantaggiati\/"]}]},{"@type":"ImageObject","inLanguage":"it-IT","@id":"https:\/\/euricse.eu\/it\/limpatto-delle-cooperative-sociali-servizi-per-oltre-24-000-utenti-e-piu-di-1-700-lavoratori-svantaggiati\/#primaryimage","url":"https:\/\/euricse.eu\/wp-content\/uploads\/2019\/11\/sara3-2.jpg","contentUrl":"https:\/\/euricse.eu\/wp-content\/uploads\/2019\/11\/sara3-2.jpg","width":1600,"height":1200},{"@type":"BreadcrumbList","@id":"https:\/\/euricse.eu\/it\/limpatto-delle-cooperative-sociali-servizi-per-oltre-24-000-utenti-e-piu-di-1-700-lavoratori-svantaggiati\/#breadcrumb","itemListElement":[{"@type":"ListItem","position":1,"name":"Home","item":"https:\/\/euricse.eu\/it\/"},{"@type":"ListItem","position":2,"name":"L\u2019impatto delle cooperative sociali, servizi per oltre 24.000 utenti e pi\u00f9 di 1.700 lavoratori svantaggiati"}]},{"@type":"WebSite","@id":"https:\/\/euricse.eu\/en\/#website","url":"https:\/\/euricse.eu\/en\/","name":"Euricse","description":"Knowledge and innovation for cooperative and social enterprises.","potentialAction":[{"@type":"SearchAction","target":{"@type":"EntryPoint","urlTemplate":"https:\/\/euricse.eu\/en\/?s={search_term_string}"},"query-input":{"@type":"PropertyValueSpecification","valueRequired":true,"valueName":"search_term_string"}}],"inLanguage":"it-IT"},{"@type":"Person","@id":"https:\/\/euricse.eu\/en\/#\/schema\/person\/46be9426d76e3114ba478b69f3d8040b","name":"redazione","image":{"@type":"ImageObject","inLanguage":"it-IT","@id":"https:\/\/euricse.eu\/en\/#\/schema\/person\/image\/","url":"https:\/\/secure.gravatar.com\/avatar\/d1e5fb76fa001722a0822f32de0a8935d9c7a01b0f055f16dc71df73252c3c50?s=96&d=mm&r=g","contentUrl":"https:\/\/secure.gravatar.com\/avatar\/d1e5fb76fa001722a0822f32de0a8935d9c7a01b0f055f16dc71df73252c3c50?s=96&d=mm&r=g","caption":"redazione"},"url":"https:\/\/euricse.eu\/it\/author\/marikadmin\/"}]}},"_links":{"self":[{"href":"https:\/\/euricse.eu\/it\/wp-json\/wp\/v2\/posts\/9149","targetHints":{"allow":["GET"]}}],"collection":[{"href":"https:\/\/euricse.eu\/it\/wp-json\/wp\/v2\/posts"}],"about":[{"href":"https:\/\/euricse.eu\/it\/wp-json\/wp\/v2\/types\/post"}],"author":[{"embeddable":true,"href":"https:\/\/euricse.eu\/it\/wp-json\/wp\/v2\/users\/30"}],"replies":[{"embeddable":true,"href":"https:\/\/euricse.eu\/it\/wp-json\/wp\/v2\/comments?post=9149"}],"version-history":[{"count":0,"href":"https:\/\/euricse.eu\/it\/wp-json\/wp\/v2\/posts\/9149\/revisions"}],"wp:featuredmedia":[{"embeddable":true,"href":"https:\/\/euricse.eu\/it\/wp-json\/wp\/v2\/media\/9170"}],"wp:attachment":[{"href":"https:\/\/euricse.eu\/it\/wp-json\/wp\/v2\/media?parent=9149"}],"wp:term":[{"taxonomy":"category","embeddable":true,"href":"https:\/\/euricse.eu\/it\/wp-json\/wp\/v2\/categories?post=9149"},{"taxonomy":"post_tag","embeddable":true,"href":"https:\/\/euricse.eu\/it\/wp-json\/wp\/v2\/tags?post=9149"}],"curies":[{"name":"wp","href":"https:\/\/api.w.org\/{rel}","templated":true}]}}