{"id":9189,"date":"2019-11-18T15:09:25","date_gmt":"2019-11-18T15:09:25","guid":{"rendered":"https:\/\/euricse.staging.hgblu.com\/?p=9189"},"modified":"2019-11-19T09:27:54","modified_gmt":"2019-11-19T09:27:54","slug":"100-studiosi-da-26-paesi-a-trento-per-la-conferenza-dellagenzia-onu","status":"publish","type":"post","link":"https:\/\/euricse.eu\/it\/100-studiosi-da-26-paesi-a-trento-per-la-conferenza-dellagenzia-onu\/","title":{"rendered":"100 studiosi da 26 Paesi a Trento per la conferenza dell\u2019agenzia ONU"},"content":{"rendered":"\n<h3 class=\"wp-block-heading\"><strong>\u00c8 iniziato oggi il convegno internazionale \u201cIl momento dell\u2019economia sociale e solidale\u201d organizzato da Euricse per conto dell\u2019Organizzazione internazionale del lavoro (OIL)<\/strong><\/h3>\n\n\n\n<h4 class=\"wp-block-heading\"><strong>Da oggi e per tre giorni i massimi esperti mondiali di economia sociale e solidale si riuniscono alle Cantine Rotari di Mezzocorona per il convegno organizzato da Euricse per conto dell\u2019Organizzazione internazionale del lavoro (OIL) delle Nazioni Unite. Dal Senegal alle Filippine, da Capo Verde alla Corea del Sud, passando per Malesia, Lettonia e Svizzera, in 18 ore di sessioni plenarie e parallele un centinaio tra ricercatori, operatori e rappresentanti di governi e organizzazioni internazionali discuteranno i trend e le caratteristiche principali del settore, l\u2019importanza dell\u2019economia sociale e solidale per il futuro del lavoro e il ruolo della finanza. Gioved\u00ec e venerd\u00ec, in coda al convegno, si riunir\u00e0 sempre a Trento la Task force ONU sull\u2019Economia sociale e solidale, dove Euricse \u00e8 coinvolto come osservatore.<\/strong><\/h4>\n\n\n\n<figure class=\"wp-block-image\"><img loading=\"lazy\" decoding=\"async\" width=\"1024\" height=\"477\" src=\"https:\/\/euricse.eu\/wp-content\/uploads\/2019\/11\/banner-stretto-da-pdf-1-1024x477.png\" alt=\"\" class=\"wp-image-9193\" srcset=\"https:\/\/euricse.eu\/wp-content\/uploads\/2019\/11\/banner-stretto-da-pdf-1-1024x477.png 1024w, https:\/\/euricse.eu\/wp-content\/uploads\/2019\/11\/banner-stretto-da-pdf-1-670x312.png 670w, https:\/\/euricse.eu\/wp-content\/uploads\/2019\/11\/banner-stretto-da-pdf-1-300x140.png 300w, https:\/\/euricse.eu\/wp-content\/uploads\/2019\/11\/banner-stretto-da-pdf-1-768x358.png 768w, https:\/\/euricse.eu\/wp-content\/uploads\/2019\/11\/banner-stretto-da-pdf-1.png 1134w\" sizes=\"auto, (max-width: 1024px) 100vw, 1024px\" \/><\/figure>\n\n\n\n<p>Durante il convegno saranno presentate in anteprima due ricerche affidate dall\u2019OIL ad Euricse e all\u2019ente di ricerca belga Hiva: \u201cMeccanismi finanziari per ecosistemi innovativi dell\u2019economia sociale e solidale\u201d, curata dall\u2019istituto trentino e supportata dal <strong>Governo del Lussemburgo<\/strong>, e \u201cIl contributo dell\u2019economia sociale e solidale e della finanza sociale al futuro del lavoro\u201d, seguita dagli studiosi di Lovanio con il sostegno del <strong>Governo francese<\/strong>.<\/p>\n\n\n\n<p>Le sessioni plenarie dei tre giorni di conferenza sono trasmesse in streaming sul sito ufficiale <a href=\"https:\/\/euricse.eu\/wp-admin\/www.ssemomentum.org\">www.ssemomentum.org<\/a><\/p>\n\n\n\n<p>Dopo il saluto ai partecipanti da parte della presidente <strong>Marina Mattarei<\/strong> nella sede della\nFederazione Trentina della Cooperazione, questo pomeriggio le Cantine\nMezzacorona hanno ospitato i saluti istituzionali con l\u2019assessore provinciale\nagli Enti locali <strong>Mattia Gottardi<\/strong>, il\nsenior specialist OIL, <strong>Roberto Di Meglio<\/strong>\ne i rappresentanti dei governi francese e lussemburghese, sponsor dell\u2019evento.\nLa plenaria di apertura \u00e8 stata affidata al presidente di Euricse, <strong>Carlo Borzaga<\/strong>, e a Benedicte Fontaneau\ndel centro di ricerca belga Hiva. <\/p>\n\n\n\n<figure class=\"wp-block-image\"><img loading=\"lazy\" decoding=\"async\" width=\"300\" height=\"225\" src=\"https:\/\/euricse.eu\/wp-content\/uploads\/2019\/11\/SSEMomentum_Borzaga-300x225.jpg\" alt=\"\" class=\"wp-image-9221\" srcset=\"https:\/\/euricse.eu\/wp-content\/uploads\/2019\/11\/SSEMomentum_Borzaga-300x225.jpg 300w, https:\/\/euricse.eu\/wp-content\/uploads\/2019\/11\/SSEMomentum_Borzaga-533x400.jpg 533w, https:\/\/euricse.eu\/wp-content\/uploads\/2019\/11\/SSEMomentum_Borzaga-768x576.jpg 768w, https:\/\/euricse.eu\/wp-content\/uploads\/2019\/11\/SSEMomentum_Borzaga-1024x768.jpg 1024w, https:\/\/euricse.eu\/wp-content\/uploads\/2019\/11\/SSEMomentum_Borzaga.jpg 2000w\" sizes=\"auto, (max-width: 300px) 100vw, 300px\" \/><figcaption>Carlo Borzaga, presidente Euricse, durante il suo intervento<\/figcaption><\/figure>\n\n\n\n<blockquote class=\"wp-block-quote is-layout-flow wp-block-quote-is-layout-flow\"><p>L\u2019organizzazione di questo convegno per conto dell\u2019OIL e il progetto sui meccanismi finanziari certifica la nostra vocazione internazionale. Le ricerche di Euricse \u2013 in particolare il World Cooperative Monitor e il Report 2018 sulla Cooperazione sanitaria \u2013 poche settimane fa sono state citate dal Segretario generale ONU durante l\u2019Assemblea generale a New York<\/p><cite> <strong>Gianluca Salvatori<\/strong>,  segretario generale Euricse<\/cite><\/blockquote>\n\n\n\n<blockquote class=\"wp-block-quote is-layout-flow wp-block-quote-is-layout-flow\"><p> \u201cSiamo orgogliosi di ospitare un convegno di cos\u00ec alto livello sul nostro territorio, nella consapevolezza che il Trentino \u00e8 un terreno molto fertile per gli ecosistemi dell\u2019economia sociale e solidale e che le nostre dimensioni limitate possono essere un vantaggio competitivo soprattutto per quanto riguarda la stretta rete di relazioni che \u00e8 alla base della risoluzione di molti bisogni\u201d.  <\/p><cite>Mattia Gottardi, assessore provinciale agli Enti Locali<\/cite><\/blockquote>\n\n\n\n<blockquote class=\"wp-block-quote is-layout-flow wp-block-quote-is-layout-flow\"><p>\u201cNella Dichiarazione sul futuro del lavoro, adottata a giugno a Ginevra durante la Conferenza Internazionale del Lavoro, i paesi membri della OIL affermano che l\u2019Organizzazione dovrebbe indirizzare i suoi sforzi nel sostenere l&#8217;economia sociale e solidale, al fine di generare lavoro dignitoso e migliori standard di vita per tutti. Con l\u2019evento di Trento vogliamo dare un contributo alla formulazione di politiche ed iniziative che vadano nella direzione indicata sia dalla Dichiarazione OIL sia dall\u2019Agenda 2030 e dagli Obiettivi di Sviluppo Sostenibile delle Nazioni Unite\u201d<\/p><cite><strong>Roberto di Meglio<\/strong>, senior specialist OIL<\/cite><\/blockquote>\n\n\n\n<figure class=\"wp-block-image\"><img loading=\"lazy\" decoding=\"async\" width=\"300\" height=\"225\" src=\"https:\/\/euricse.eu\/wp-content\/uploads\/2019\/11\/Da-sx-Gottardi-Di-Meglio-Salvatori-Bodini-300x225.jpg\" alt=\"\" class=\"wp-image-9212\" srcset=\"https:\/\/euricse.eu\/wp-content\/uploads\/2019\/11\/Da-sx-Gottardi-Di-Meglio-Salvatori-Bodini-300x225.jpg 300w, https:\/\/euricse.eu\/wp-content\/uploads\/2019\/11\/Da-sx-Gottardi-Di-Meglio-Salvatori-Bodini-533x400.jpg 533w, https:\/\/euricse.eu\/wp-content\/uploads\/2019\/11\/Da-sx-Gottardi-Di-Meglio-Salvatori-Bodini-768x576.jpg 768w, https:\/\/euricse.eu\/wp-content\/uploads\/2019\/11\/Da-sx-Gottardi-Di-Meglio-Salvatori-Bodini-1024x768.jpg 1024w, https:\/\/euricse.eu\/wp-content\/uploads\/2019\/11\/Da-sx-Gottardi-Di-Meglio-Salvatori-Bodini.jpg 2000w\" sizes=\"auto, (max-width: 300px) 100vw, 300px\" \/><figcaption>La conferenza stampa di lancio della conferenza: da sinistra Gottardi, Di Meglio, Salvatori, Bodini<\/figcaption><\/figure>\n\n\n\n<p>Le sessioni della conferenza ruoteranno attorno a tre blocchi tematici: i trend e le caratteristiche dell\u2019economia sociale e solidale, il futuro del lavoro e il ruolo delle risorse finanziarie. Proprio di meccanismi finanziari si \u00e8 occupato Euricse nella sua ricerca &#8220;<strong><a href=\"https:\/\/euricse.eu\/publications\/financial-mechanism-for-innovative-social-and-solidarity-economy-ecosystems\/\">Meccanismi finanziari per ecosistemi innovativi dell&#8217;economia sociale e solidale<\/a><\/strong>&#8221; commissionata dall\u2019OIL e presentata in anteprima durante la conferenza, alla quale ha lavorato un team di 15 ricercatori per un anno. Dopo un\u2019analisi dei diversi strumenti potenzialmente a disposizione delle organizzazioni dell\u2019Economia sociale e solidale, lo studio presenta <strong>8 casi studio<\/strong> (Canada, Capo Verde, Colombia, Ecuador, Italia, Lussemburgo, Marocco, Corea del Sud) e, a partire da questi, propone alcune raccomandazioni di policy. In particolare, sfatando il pregiudizio che cooperative e imprese sociali fanno pi\u00f9 fatica delle aziende profit ad accedere agli strumenti finanziari, viene messa in evidenza l\u2019importanza di un approccio al reperimento di risorse che contemperi risorse interne ed esterne, pubbliche e private, orientate al mercato o meno. <\/p>\n\n\n\n<figure class=\"wp-block-embed-youtube wp-block-embed is-type-video is-provider-youtube wp-embed-aspect-16-9 wp-has-aspect-ratio\"><div class=\"wp-block-embed__wrapper\">\n<iframe loading=\"lazy\" title=\"Meccanismi finanziari per gli ecosistemi innovativi dell\u2019economia sociale e solidale\" width=\"500\" height=\"281\" src=\"https:\/\/www.youtube.com\/embed\/8hZUelRzhMw?feature=oembed\" frameborder=\"0\" allow=\"accelerometer; autoplay; clipboard-write; encrypted-media; gyroscope; picture-in-picture; web-share\" referrerpolicy=\"strict-origin-when-cross-origin\" allowfullscreen><\/iframe>\n<\/div><figcaption>Il direttore Riccardo Bodini riassume la ricerca commissiona da ILO (Video Ufficio stampa PAT)<\/figcaption><\/figure>\n\n\n\n<p>Il focus italiano inserito nella ricerca ha confermato che le realt\u00e0 dell\u2019economia sociale e solidale sono <strong>adeguatamente capitalizzate<\/strong> anche nella Penisola: ad esempio, le cooperative al momento vantano 10 miliardi in investimenti e, perfino durante la crisi, sono riuscite ad aumentare sia il capitale investito sia il patrimonio netto. <\/p>\n\n\n\n<div class=\"wp-block-file\"><a href=\"https:\/\/euricse.eu\/wp-content\/uploads\/2019\/11\/Financial-mechanisms-for-innovative_Executive-Summary_IT_web.pdf\">Meccanismi finanziari per ecosistemi innovativi dell&#8217;economia sociale e solidale &#8211; Executive summary<\/a><a href=\"https:\/\/euricse.eu\/wp-content\/uploads\/2019\/11\/Financial-mechanisms-for-innovative_Executive-Summary_IT_web.pdf\" class=\"wp-block-file__button\" download>Download<\/a><\/div>\n\n\n\n<blockquote class=\"wp-block-quote is-layout-flow wp-block-quote-is-layout-flow\"><p>Tradizionalmente i principali fornitori di finanziamenti per le organizzazioni dell\u2019ESS sono state le banche cooperative e la pubblica amministrazione. Ora si stanno facendo avanti nuovi strumenti, come crowd-funding, mini bonds e fondi di impatto sociale, e nuovi attori, come le banche tradizionali e i privati cittadini\u201d. In base all\u2019analisi di Euricse \u00e8 quindi fondamentale che le realt\u00e0 dell\u2019economia sociale e solidale ottengano risorse finanziarie con modalit\u00e0 che siano in linea con i loro valori e mission, pena la perdita della loro specificit\u00e0<\/p><cite>Riccardo Bodini, direttore Euricse<\/cite><\/blockquote>\n\n\n\n<p><strong>Economia sociale e\nsolidale: cosa \u00e8?<\/strong><\/p>\n\n\n\n<p>In base alla definizione proposta dall\u2019OIL, l\u2019Economia\nsociale e solidale include \u201cimprese e organizzazioni, in particolare\ncooperative, mutue, associazioni, fondazioni e imprese sociali, che producono\nspecificatamente beni, servizi e conoscenza, perseguendo allo stesso tempo\nscopi economici e sociali e incoraggiando la solidariet\u00e0\u201d. Tutte queste\norganizzazioni hanno in comune, oltre agli scopi, anche la propriet\u00e0 collettiva\ne le strutture di governance, impegnate ad assicurare risposte ai bisogni dei\nmembri che sono diversi dagli investitori. <\/p>\n\n\n\n<p><strong>I numeri del convegno<\/strong><\/p>\n\n\n\n<figure class=\"wp-block-image\"><img loading=\"lazy\" decoding=\"async\" width=\"300\" height=\"225\" src=\"https:\/\/euricse.eu\/wp-content\/uploads\/2019\/11\/SSEMomentum_Euricse-1-300x225.jpg\" alt=\"\" class=\"wp-image-9219\" srcset=\"https:\/\/euricse.eu\/wp-content\/uploads\/2019\/11\/SSEMomentum_Euricse-1-300x225.jpg 300w, https:\/\/euricse.eu\/wp-content\/uploads\/2019\/11\/SSEMomentum_Euricse-1-533x400.jpg 533w, https:\/\/euricse.eu\/wp-content\/uploads\/2019\/11\/SSEMomentum_Euricse-1-768x576.jpg 768w, https:\/\/euricse.eu\/wp-content\/uploads\/2019\/11\/SSEMomentum_Euricse-1-1024x768.jpg 1024w, https:\/\/euricse.eu\/wp-content\/uploads\/2019\/11\/SSEMomentum_Euricse-1.jpg 2000w\" sizes=\"auto, (max-width: 300px) 100vw, 300px\" \/><\/figure>\n\n\n\n<p><strong>186<\/strong>\nPaesi membri dell\u2019OIL, organizzatore della conferenza<\/p>\n\n\n\n<p>Oltre <strong>100<\/strong> invitati tra ricercatori, operatori e rappresentanti di governi e organizzazioni internazionali <\/p>\n\n\n\n<p><strong>35<\/strong> speaker<\/p>\n\n\n\n<p><strong>35<\/strong> partecipanti\nalla task force OIL sull\u2019economia sociale e solidale il 21 e 22 novembre <\/p>\n\n\n\n<p><strong>26<\/strong>\nPaesi diversi di provenienza dei partecipanti (10 europei, 16 extra-europei)<\/p>\n\n\n\n<p><strong>18<\/strong>\nore di conferenza in tre lingue (italiano, inglese, francese)<\/p>\n\n\n\n<p><strong>9<\/strong>\nsessioni parallele, <strong>4<\/strong> sessioni\nplenarie, <strong>1<\/strong> gruppo di lavoro e <strong>1<\/strong> panel-dibattito<\/p>\n\n\n\n<p><strong>8<\/strong>\nPaesi oggetto delle ricerca curata da Euricse per OIL<\/p>\n","protected":false},"excerpt":{"rendered":"<p>\u00c8 iniziato oggi il convegno internazionale \u201cIl momento dell\u2019economia sociale e solidale\u201d organizzato da Euricse per conto dell\u2019Organizzazione internazionale del lavoro (OIL) Da oggi e per tre giorni i massimi esperti mondiali di economia sociale e solidale si riuniscono alle Cantine Rotari di Mezzocorona per il convegno organizzato da Euricse per conto dell\u2019Organizzazione internazionale del [&hellip;]<\/p>\n","protected":false},"author":30,"featured_media":9210,"comment_status":"open","ping_status":"closed","sticky":false,"template":"","format":"standard","meta":{"_acf_changed":false,"episode_type":"","audio_file":"","cover_image":"","cover_image_id":"","duration":"","filesize":"","date_recorded":"","explicit":"","block":"","itunes_episode_number":"","itunes_title":"","itunes_season_number":"","itunes_episode_type":"","filesize_raw":"","footnotes":""},"categories":[14],"tags":[],"class_list":["post-9189","post","type-post","status-publish","format-standard","has-post-thumbnail","hentry","category-blog-it"],"acf":[],"yoast_head":"<!-- This site is optimized with the Yoast SEO plugin v26.1.1 - https:\/\/yoast.com\/wordpress\/plugins\/seo\/ -->\n<title>100 studiosi da 26 Paesi a Trento per la conferenza dell\u2019agenzia ONU - Euricse<\/title>\n<meta name=\"robots\" content=\"index, follow, max-snippet:-1, max-image-preview:large, max-video-preview:-1\" \/>\n<link rel=\"canonical\" href=\"https:\/\/euricse.eu\/it\/100-studiosi-da-26-paesi-a-trento-per-la-conferenza-dellagenzia-onu\/\" \/>\n<meta property=\"og:locale\" content=\"it_IT\" \/>\n<meta property=\"og:type\" content=\"article\" \/>\n<meta property=\"og:title\" content=\"100 studiosi da 26 Paesi a Trento per la conferenza dell\u2019agenzia ONU - Euricse\" \/>\n<meta property=\"og:description\" content=\"\u00c8 iniziato oggi il convegno internazionale \u201cIl momento dell\u2019economia sociale e solidale\u201d organizzato da Euricse per conto dell\u2019Organizzazione internazionale del lavoro (OIL) Da oggi e per tre giorni i massimi esperti mondiali di economia sociale e solidale si riuniscono alle Cantine Rotari di Mezzocorona per il convegno organizzato da Euricse per conto dell\u2019Organizzazione internazionale del [&hellip;]\" \/>\n<meta property=\"og:url\" content=\"https:\/\/euricse.eu\/it\/100-studiosi-da-26-paesi-a-trento-per-la-conferenza-dellagenzia-onu\/\" \/>\n<meta property=\"og:site_name\" content=\"Euricse\" \/>\n<meta property=\"article:published_time\" content=\"2019-11-18T15:09:25+00:00\" \/>\n<meta property=\"article:modified_time\" content=\"2019-11-19T09:27:54+00:00\" \/>\n<meta property=\"og:image\" content=\"https:\/\/euricse.eu\/wp-content\/uploads\/2019\/11\/SSEMomentum_Euricse.jpg\" \/>\n\t<meta property=\"og:image:width\" content=\"2000\" \/>\n\t<meta property=\"og:image:height\" content=\"1500\" \/>\n\t<meta property=\"og:image:type\" content=\"image\/jpeg\" \/>\n<meta name=\"author\" content=\"redazione\" \/>\n<meta name=\"twitter:card\" content=\"summary_large_image\" \/>\n<meta name=\"twitter:label1\" content=\"Scritto da\" \/>\n\t<meta name=\"twitter:data1\" content=\"redazione\" \/>\n\t<meta name=\"twitter:label2\" content=\"Tempo di lettura stimato\" \/>\n\t<meta name=\"twitter:data2\" content=\"5 minuti\" \/>\n<script type=\"application\/ld+json\" class=\"yoast-schema-graph\">{\"@context\":\"https:\/\/schema.org\",\"@graph\":[{\"@type\":\"WebPage\",\"@id\":\"https:\/\/euricse.eu\/it\/100-studiosi-da-26-paesi-a-trento-per-la-conferenza-dellagenzia-onu\/\",\"url\":\"https:\/\/euricse.eu\/it\/100-studiosi-da-26-paesi-a-trento-per-la-conferenza-dellagenzia-onu\/\",\"name\":\"100 studiosi da 26 Paesi a Trento per la conferenza dell\u2019agenzia ONU - Euricse\",\"isPartOf\":{\"@id\":\"https:\/\/euricse.eu\/en\/#website\"},\"primaryImageOfPage\":{\"@id\":\"https:\/\/euricse.eu\/it\/100-studiosi-da-26-paesi-a-trento-per-la-conferenza-dellagenzia-onu\/#primaryimage\"},\"image\":{\"@id\":\"https:\/\/euricse.eu\/it\/100-studiosi-da-26-paesi-a-trento-per-la-conferenza-dellagenzia-onu\/#primaryimage\"},\"thumbnailUrl\":\"https:\/\/euricse.eu\/wp-content\/uploads\/2019\/11\/SSEMomentum_Euricse.jpg\",\"datePublished\":\"2019-11-18T15:09:25+00:00\",\"dateModified\":\"2019-11-19T09:27:54+00:00\",\"author\":{\"@id\":\"https:\/\/euricse.eu\/en\/#\/schema\/person\/46be9426d76e3114ba478b69f3d8040b\"},\"breadcrumb\":{\"@id\":\"https:\/\/euricse.eu\/it\/100-studiosi-da-26-paesi-a-trento-per-la-conferenza-dellagenzia-onu\/#breadcrumb\"},\"inLanguage\":\"it-IT\",\"potentialAction\":[{\"@type\":\"ReadAction\",\"target\":[\"https:\/\/euricse.eu\/it\/100-studiosi-da-26-paesi-a-trento-per-la-conferenza-dellagenzia-onu\/\"]}]},{\"@type\":\"ImageObject\",\"inLanguage\":\"it-IT\",\"@id\":\"https:\/\/euricse.eu\/it\/100-studiosi-da-26-paesi-a-trento-per-la-conferenza-dellagenzia-onu\/#primaryimage\",\"url\":\"https:\/\/euricse.eu\/wp-content\/uploads\/2019\/11\/SSEMomentum_Euricse.jpg\",\"contentUrl\":\"https:\/\/euricse.eu\/wp-content\/uploads\/2019\/11\/SSEMomentum_Euricse.jpg\",\"width\":2000,\"height\":1500},{\"@type\":\"BreadcrumbList\",\"@id\":\"https:\/\/euricse.eu\/it\/100-studiosi-da-26-paesi-a-trento-per-la-conferenza-dellagenzia-onu\/#breadcrumb\",\"itemListElement\":[{\"@type\":\"ListItem\",\"position\":1,\"name\":\"Home\",\"item\":\"https:\/\/euricse.eu\/it\/\"},{\"@type\":\"ListItem\",\"position\":2,\"name\":\"100 studiosi da 26 Paesi a Trento per la conferenza dell\u2019agenzia ONU\"}]},{\"@type\":\"WebSite\",\"@id\":\"https:\/\/euricse.eu\/en\/#website\",\"url\":\"https:\/\/euricse.eu\/en\/\",\"name\":\"Euricse\",\"description\":\"Knowledge and innovation for cooperative and social enterprises.\",\"potentialAction\":[{\"@type\":\"SearchAction\",\"target\":{\"@type\":\"EntryPoint\",\"urlTemplate\":\"https:\/\/euricse.eu\/en\/?s={search_term_string}\"},\"query-input\":{\"@type\":\"PropertyValueSpecification\",\"valueRequired\":true,\"valueName\":\"search_term_string\"}}],\"inLanguage\":\"it-IT\"},{\"@type\":\"Person\",\"@id\":\"https:\/\/euricse.eu\/en\/#\/schema\/person\/46be9426d76e3114ba478b69f3d8040b\",\"name\":\"redazione\",\"image\":{\"@type\":\"ImageObject\",\"inLanguage\":\"it-IT\",\"@id\":\"https:\/\/euricse.eu\/en\/#\/schema\/person\/image\/\",\"url\":\"https:\/\/secure.gravatar.com\/avatar\/d1e5fb76fa001722a0822f32de0a8935d9c7a01b0f055f16dc71df73252c3c50?s=96&d=mm&r=g\",\"contentUrl\":\"https:\/\/secure.gravatar.com\/avatar\/d1e5fb76fa001722a0822f32de0a8935d9c7a01b0f055f16dc71df73252c3c50?s=96&d=mm&r=g\",\"caption\":\"redazione\"},\"url\":\"https:\/\/euricse.eu\/it\/author\/marikadmin\/\"}]}<\/script>\n<!-- \/ Yoast SEO plugin. -->","yoast_head_json":{"title":"100 studiosi da 26 Paesi a Trento per la conferenza dell\u2019agenzia ONU - Euricse","robots":{"index":"index","follow":"follow","max-snippet":"max-snippet:-1","max-image-preview":"max-image-preview:large","max-video-preview":"max-video-preview:-1"},"canonical":"https:\/\/euricse.eu\/it\/100-studiosi-da-26-paesi-a-trento-per-la-conferenza-dellagenzia-onu\/","og_locale":"it_IT","og_type":"article","og_title":"100 studiosi da 26 Paesi a Trento per la conferenza dell\u2019agenzia ONU - Euricse","og_description":"\u00c8 iniziato oggi il convegno internazionale \u201cIl momento dell\u2019economia sociale e solidale\u201d organizzato da Euricse per conto dell\u2019Organizzazione internazionale del lavoro (OIL) Da oggi e per tre giorni i massimi esperti mondiali di economia sociale e solidale si riuniscono alle Cantine Rotari di Mezzocorona per il convegno organizzato da Euricse per conto dell\u2019Organizzazione internazionale del [&hellip;]","og_url":"https:\/\/euricse.eu\/it\/100-studiosi-da-26-paesi-a-trento-per-la-conferenza-dellagenzia-onu\/","og_site_name":"Euricse","article_published_time":"2019-11-18T15:09:25+00:00","article_modified_time":"2019-11-19T09:27:54+00:00","og_image":[{"width":2000,"height":1500,"url":"https:\/\/euricse.eu\/wp-content\/uploads\/2019\/11\/SSEMomentum_Euricse.jpg","type":"image\/jpeg"}],"author":"redazione","twitter_card":"summary_large_image","twitter_misc":{"Scritto da":"redazione","Tempo di lettura stimato":"5 minuti"},"schema":{"@context":"https:\/\/schema.org","@graph":[{"@type":"WebPage","@id":"https:\/\/euricse.eu\/it\/100-studiosi-da-26-paesi-a-trento-per-la-conferenza-dellagenzia-onu\/","url":"https:\/\/euricse.eu\/it\/100-studiosi-da-26-paesi-a-trento-per-la-conferenza-dellagenzia-onu\/","name":"100 studiosi da 26 Paesi a Trento per la conferenza dell\u2019agenzia ONU - Euricse","isPartOf":{"@id":"https:\/\/euricse.eu\/en\/#website"},"primaryImageOfPage":{"@id":"https:\/\/euricse.eu\/it\/100-studiosi-da-26-paesi-a-trento-per-la-conferenza-dellagenzia-onu\/#primaryimage"},"image":{"@id":"https:\/\/euricse.eu\/it\/100-studiosi-da-26-paesi-a-trento-per-la-conferenza-dellagenzia-onu\/#primaryimage"},"thumbnailUrl":"https:\/\/euricse.eu\/wp-content\/uploads\/2019\/11\/SSEMomentum_Euricse.jpg","datePublished":"2019-11-18T15:09:25+00:00","dateModified":"2019-11-19T09:27:54+00:00","author":{"@id":"https:\/\/euricse.eu\/en\/#\/schema\/person\/46be9426d76e3114ba478b69f3d8040b"},"breadcrumb":{"@id":"https:\/\/euricse.eu\/it\/100-studiosi-da-26-paesi-a-trento-per-la-conferenza-dellagenzia-onu\/#breadcrumb"},"inLanguage":"it-IT","potentialAction":[{"@type":"ReadAction","target":["https:\/\/euricse.eu\/it\/100-studiosi-da-26-paesi-a-trento-per-la-conferenza-dellagenzia-onu\/"]}]},{"@type":"ImageObject","inLanguage":"it-IT","@id":"https:\/\/euricse.eu\/it\/100-studiosi-da-26-paesi-a-trento-per-la-conferenza-dellagenzia-onu\/#primaryimage","url":"https:\/\/euricse.eu\/wp-content\/uploads\/2019\/11\/SSEMomentum_Euricse.jpg","contentUrl":"https:\/\/euricse.eu\/wp-content\/uploads\/2019\/11\/SSEMomentum_Euricse.jpg","width":2000,"height":1500},{"@type":"BreadcrumbList","@id":"https:\/\/euricse.eu\/it\/100-studiosi-da-26-paesi-a-trento-per-la-conferenza-dellagenzia-onu\/#breadcrumb","itemListElement":[{"@type":"ListItem","position":1,"name":"Home","item":"https:\/\/euricse.eu\/it\/"},{"@type":"ListItem","position":2,"name":"100 studiosi da 26 Paesi a Trento per la conferenza dell\u2019agenzia ONU"}]},{"@type":"WebSite","@id":"https:\/\/euricse.eu\/en\/#website","url":"https:\/\/euricse.eu\/en\/","name":"Euricse","description":"Knowledge and innovation for cooperative and social enterprises.","potentialAction":[{"@type":"SearchAction","target":{"@type":"EntryPoint","urlTemplate":"https:\/\/euricse.eu\/en\/?s={search_term_string}"},"query-input":{"@type":"PropertyValueSpecification","valueRequired":true,"valueName":"search_term_string"}}],"inLanguage":"it-IT"},{"@type":"Person","@id":"https:\/\/euricse.eu\/en\/#\/schema\/person\/46be9426d76e3114ba478b69f3d8040b","name":"redazione","image":{"@type":"ImageObject","inLanguage":"it-IT","@id":"https:\/\/euricse.eu\/en\/#\/schema\/person\/image\/","url":"https:\/\/secure.gravatar.com\/avatar\/d1e5fb76fa001722a0822f32de0a8935d9c7a01b0f055f16dc71df73252c3c50?s=96&d=mm&r=g","contentUrl":"https:\/\/secure.gravatar.com\/avatar\/d1e5fb76fa001722a0822f32de0a8935d9c7a01b0f055f16dc71df73252c3c50?s=96&d=mm&r=g","caption":"redazione"},"url":"https:\/\/euricse.eu\/it\/author\/marikadmin\/"}]}},"_links":{"self":[{"href":"https:\/\/euricse.eu\/it\/wp-json\/wp\/v2\/posts\/9189","targetHints":{"allow":["GET"]}}],"collection":[{"href":"https:\/\/euricse.eu\/it\/wp-json\/wp\/v2\/posts"}],"about":[{"href":"https:\/\/euricse.eu\/it\/wp-json\/wp\/v2\/types\/post"}],"author":[{"embeddable":true,"href":"https:\/\/euricse.eu\/it\/wp-json\/wp\/v2\/users\/30"}],"replies":[{"embeddable":true,"href":"https:\/\/euricse.eu\/it\/wp-json\/wp\/v2\/comments?post=9189"}],"version-history":[{"count":0,"href":"https:\/\/euricse.eu\/it\/wp-json\/wp\/v2\/posts\/9189\/revisions"}],"wp:featuredmedia":[{"embeddable":true,"href":"https:\/\/euricse.eu\/it\/wp-json\/wp\/v2\/media\/9210"}],"wp:attachment":[{"href":"https:\/\/euricse.eu\/it\/wp-json\/wp\/v2\/media?parent=9189"}],"wp:term":[{"taxonomy":"category","embeddable":true,"href":"https:\/\/euricse.eu\/it\/wp-json\/wp\/v2\/categories?post=9189"},{"taxonomy":"post_tag","embeddable":true,"href":"https:\/\/euricse.eu\/it\/wp-json\/wp\/v2\/tags?post=9189"}],"curies":[{"name":"wp","href":"https:\/\/api.w.org\/{rel}","templated":true}]}}