{"id":9862,"date":"2020-01-17T20:20:50","date_gmt":"2020-01-17T20:20:50","guid":{"rendered":"https:\/\/euricse.staging.hgblu.com\/?p=9862"},"modified":"2020-01-18T08:25:38","modified_gmt":"2020-01-18T08:25:38","slug":"iniziativa-accompagnami-ecco-come-e-andata","status":"publish","type":"post","link":"https:\/\/euricse.eu\/it\/iniziativa-accompagnami-ecco-come-e-andata\/","title":{"rendered":"Iniziativa &#8220;Accompagnami&#8221;: ecco come \u00e8 andata!"},"content":{"rendered":"\n<h5 class=\"wp-block-heading\"><strong>Sono stati presentati, venerd\u00ec 17 gennaio, i risultati raggiunti nel primo anno di sperimentazione di &#8220;Accompagnami&#8221;, iniziativa promossa da <em>Fondazione Caritro<\/em> ed inserita del progetto pluriennale di <em>Welfare Km Zero<\/em>.<\/strong><\/h5>\n\n\n\n<p>Il percorso, che rinnova gli impegni per una edizione 2.0, evolve anche grazie alla <strong>indagine di valutazione<\/strong> fatta da <strong>Jacopo Sforzi<\/strong> e <strong>Cristina Burini<\/strong>, la quale mostra una fotografia di quali sono stati gli obiettivi raggiunti e quali devono essere invece le priorit\u00e0 per il futuro. <\/p>\n\n\n\n<figure class=\"wp-block-image size-large\"><img loading=\"lazy\" decoding=\"async\" width=\"1024\" height=\"683\" src=\"https:\/\/euricse.eu\/wp-content\/uploads\/2020\/01\/20200117173851_IMG_9058-1024x683.jpg\" alt=\"\" class=\"wp-image-9901\" srcset=\"https:\/\/euricse.eu\/wp-content\/uploads\/2020\/01\/20200117173851_IMG_9058-1024x683.jpg 1024w, https:\/\/euricse.eu\/wp-content\/uploads\/2020\/01\/20200117173851_IMG_9058-300x200.jpg 300w, https:\/\/euricse.eu\/wp-content\/uploads\/2020\/01\/20200117173851_IMG_9058-600x400.jpg 600w, https:\/\/euricse.eu\/wp-content\/uploads\/2020\/01\/20200117173851_IMG_9058-768x512.jpg 768w, https:\/\/euricse.eu\/wp-content\/uploads\/2020\/01\/20200117173851_IMG_9058-1536x1024.jpg 1536w, https:\/\/euricse.eu\/wp-content\/uploads\/2020\/01\/20200117173851_IMG_9058.jpg 1920w\" sizes=\"auto, (max-width: 1024px) 100vw, 1024px\" \/><\/figure>\n\n\n\n<p><\/p>\n\n\n\n<p>L&#8217;analisi ha dato spazio alle riflessioni, l&#8217;esperienza <em>Accompagnami<\/em> ha dato infatti l&#8217;opportunit\u00e0, ai trenta enti partecipanti, di formarsi e di sviluppare competenze, anche grazie all&#8217;incontro con il mondo profit.  <br>La nuova sfida per\u00f2, come ha commentato <strong>Carlo Borzaga<\/strong> dopo aver ascoltato le testimonianze di alcuni dei protagonisti della prima edizione, \u00e8 far si che alle imprese sociali, che si aprono a nuovi settori produttivi, vengano sempre riconosciuti una identit\u00e0 ed un valore propri. Sono importanti quindi iniziative come questa, proprio perch\u00e8 stimolano la capacit\u00e0 di creare dei legami che devono fare da punto di incontro tra dimensioni diverse.  <br>Euricse, che ha messo a disposizione le proprie competenze in tutte le tre fasi del progetto, in questo senso \u00e8 riuscita ad individuare altri soggetti strategici che contribuiranno ad espandere la rete di relazioni nel territorio:  Consolida, Mediocredito Trentino Alto Adige e Trentino Sviluppo saranno infatti coinvolti nei futuri percorsi di accompagnamento che porteranno gli enti di Terzo Settore a sviluppare nuovi progetti di imprenditoria sociale.    <\/p>\n\n\n\n<blockquote class=\"wp-block-quote has-text-align-center is-layout-flow wp-block-quote-is-layout-flow\"><p>\u201cIn particolare \u00e8 emersa l\u2019opportunit\u00e0 di ampliare la platea di soggetti in grado non solo di accompagnare lo sviluppo del nonprofit, ma di favorire quella logica di \u201cfiliera\u201d che pu\u00f2 aiutare le singole organizzazioni ad affrontare, attraverso il mercato, le nuove sfide sociali a cui sono chiamate\u201d. <\/p><p><strong>Jacopo Sforzi<\/strong> &#8211; ricercatore Euricse<\/p><\/blockquote>\n\n\n\n<p><\/p>\n\n\n\n<div class=\"wp-block-image\"><figure class=\"aligncenter size-large\"><img loading=\"lazy\" decoding=\"async\" width=\"1024\" height=\"683\" src=\"https:\/\/euricse.eu\/wp-content\/uploads\/2020\/01\/20200117182155_IMG_9101-1024x683.jpg\" alt=\"\" class=\"wp-image-9905\" srcset=\"https:\/\/euricse.eu\/wp-content\/uploads\/2020\/01\/20200117182155_IMG_9101-1024x683.jpg 1024w, https:\/\/euricse.eu\/wp-content\/uploads\/2020\/01\/20200117182155_IMG_9101-300x200.jpg 300w, https:\/\/euricse.eu\/wp-content\/uploads\/2020\/01\/20200117182155_IMG_9101-600x400.jpg 600w, https:\/\/euricse.eu\/wp-content\/uploads\/2020\/01\/20200117182155_IMG_9101-768x512.jpg 768w, https:\/\/euricse.eu\/wp-content\/uploads\/2020\/01\/20200117182155_IMG_9101-1536x1024.jpg 1536w, https:\/\/euricse.eu\/wp-content\/uploads\/2020\/01\/20200117182155_IMG_9101.jpg 1920w\" sizes=\"auto, (max-width: 1024px) 100vw, 1024px\" \/><\/figure><\/div>\n\n\n\n<p><\/p>\n\n\n\n<h5 class=\"has-luminous-vivid-amber-color has-text-color wp-block-heading\">************************************************************************************************************************************************<\/h5>\n\n\n\n<p><\/p>\n\n\n\n<p>L\u2019evento ha dato rilievo anche alla <strong>consegna dei diplomi<\/strong> agli studenti che hanno portato a termine il <strong>Master in Gestione delle Imprese Sociali \u2013 GIS<\/strong> per l&#8217;anno 18\/19. <\/p>\n\n\n\n<figure class=\"wp-block-image size-large\"><img loading=\"lazy\" decoding=\"async\" width=\"1024\" height=\"582\" src=\"https:\/\/euricse.eu\/wp-content\/uploads\/2020\/01\/IMG_9152-1024x582.jpg\" alt=\"\" class=\"wp-image-9910\" srcset=\"https:\/\/euricse.eu\/wp-content\/uploads\/2020\/01\/IMG_9152-1024x582.jpg 1024w, https:\/\/euricse.eu\/wp-content\/uploads\/2020\/01\/IMG_9152-300x171.jpg 300w, https:\/\/euricse.eu\/wp-content\/uploads\/2020\/01\/IMG_9152-670x381.jpg 670w, https:\/\/euricse.eu\/wp-content\/uploads\/2020\/01\/IMG_9152-768x437.jpg 768w, https:\/\/euricse.eu\/wp-content\/uploads\/2020\/01\/IMG_9152-1536x873.jpg 1536w, https:\/\/euricse.eu\/wp-content\/uploads\/2020\/01\/IMG_9152-2048x1164.jpg 2048w\" sizes=\"auto, (max-width: 1024px) 100vw, 1024px\" \/><\/figure>\n\n\n\n<p>Il master, che quest\u2019anno vedr\u00e0 partire la XXV edizione (ora \u00e8 in corso la ventiquattresima), conferma di avere una offerta formativa interessante e concreta. &nbsp;Ad avere gi\u00e0 trovato una occupazione sono 16 neodiplomati su 17, undici di questi direttamente all\u2019interno dell\u2019organizzazione che li ha ospitati per lo stage formativo previsto.<\/p>\n\n\n\n<blockquote class=\"wp-block-quote has-text-align-center is-layout-flow wp-block-quote-is-layout-flow\"><p>\u201cUn segnale importante per confermare che le sfide future si potranno vincere solo coinvolgendo giovani motivati e appositamente formati per affrontare i nuovi scenari in cui si muover\u00e0 il Terzo Settore\u201d <\/p><p><strong>Paolo Fontana<\/strong> &#8211; responsabile formazione Euricse<\/p><\/blockquote>\n\n\n\n<p><\/p>\n\n\n\n<p>Qui il <a href=\"https:\/\/euricse.eu\/wp-content\/uploads\/2020\/01\/2020_01_17_cs_accompagnami_2_edizione.pdf\">comunicato stampa<\/a>.<\/p>\n\n\n\n<p>Qui ulteriori informazioni sull\u2019iniziativa &#8220;<a href=\"http:\/\/www.welfareakmzero.it\/index.php\/iniziativa-accompagnami\">Accompagnami<\/a>&#8220;.<\/p>\n\n\n\n<p>Qui ulteriori informazioni sul <a href=\"https:\/\/euricse.eu\/it\/training\/master-gis\/\">M<\/a><a href=\"https:\/\/euricse.eu\/it\/training\/master-gis\/\" target=\"_blank\" rel=\"noreferrer noopener\" aria-label=\"aster GI (apre in una nuova scheda)\">aster GI<\/a><a href=\"https:\/\/euricse.eu\/it\/training\/master-gis\/\">S<\/a>.<\/p>\n\n\n\n<p style=\"font-size:12px\" class=\"has-text-align-right\">Ph. Stefano Guerrini, Matteo Gaudiello<\/p>\n\n\n\n<p> <\/p>\n","protected":false},"excerpt":{"rendered":"<p>Sono stati presentati, venerd\u00ec 17 gennaio, i risultati raggiunti nel primo anno di sperimentazione di &#8220;Accompagnami&#8221;, iniziativa promossa da Fondazione Caritro ed inserita del progetto pluriennale di Welfare Km Zero.<\/p>\n","protected":false},"author":30,"featured_media":9930,"comment_status":"open","ping_status":"closed","sticky":false,"template":"","format":"standard","meta":{"_acf_changed":false,"episode_type":"","audio_file":"","cover_image":"","cover_image_id":"","duration":"","filesize":"","date_recorded":"","explicit":"","block":"","itunes_episode_number":"","itunes_title":"","itunes_season_number":"","itunes_episode_type":"","filesize_raw":"","footnotes":""},"categories":[1,12,17],"tags":[111,280,804,812],"class_list":["post-9862","post","type-post","status-publish","format-standard","has-post-thumbnail","hentry","category-blog","category-news","category-news-it","tag-imprese-sociali","tag-terzo-settore","tag-caritro","tag-accompagnami"],"acf":[],"yoast_head":"<!-- This site is optimized with the Yoast SEO plugin v26.1.1 - https:\/\/yoast.com\/wordpress\/plugins\/seo\/ -->\n<title>Iniziativa &quot;Accompagnami&quot;: ecco come \u00e8 andata! - Euricse<\/title>\n<meta name=\"robots\" content=\"index, follow, max-snippet:-1, max-image-preview:large, max-video-preview:-1\" \/>\n<link rel=\"canonical\" href=\"https:\/\/euricse.eu\/it\/iniziativa-accompagnami-ecco-come-e-andata\/\" \/>\n<meta property=\"og:locale\" content=\"it_IT\" \/>\n<meta property=\"og:type\" content=\"article\" \/>\n<meta property=\"og:title\" content=\"Iniziativa &quot;Accompagnami&quot;: ecco come \u00e8 andata! - Euricse\" \/>\n<meta property=\"og:description\" content=\"Sono stati presentati, venerd\u00ec 17 gennaio, i risultati raggiunti nel primo anno di sperimentazione di &quot;Accompagnami&quot;, iniziativa promossa da Fondazione Caritro ed inserita del progetto pluriennale di Welfare Km Zero.\" \/>\n<meta property=\"og:url\" content=\"https:\/\/euricse.eu\/it\/iniziativa-accompagnami-ecco-come-e-andata\/\" \/>\n<meta property=\"og:site_name\" content=\"Euricse\" \/>\n<meta property=\"article:published_time\" content=\"2020-01-17T20:20:50+00:00\" \/>\n<meta property=\"article:modified_time\" content=\"2020-01-18T08:25:38+00:00\" \/>\n<meta property=\"og:image\" content=\"https:\/\/euricse.eu\/wp-content\/uploads\/2020\/01\/foto_4-scaled.jpg\" \/>\n\t<meta property=\"og:image:width\" content=\"2560\" \/>\n\t<meta property=\"og:image:height\" content=\"1706\" \/>\n\t<meta property=\"og:image:type\" content=\"image\/jpeg\" \/>\n<meta name=\"author\" content=\"redazione\" \/>\n<meta name=\"twitter:card\" content=\"summary_large_image\" \/>\n<meta name=\"twitter:label1\" content=\"Scritto da\" \/>\n\t<meta name=\"twitter:data1\" content=\"redazione\" \/>\n\t<meta name=\"twitter:label2\" content=\"Tempo di lettura stimato\" \/>\n\t<meta name=\"twitter:data2\" content=\"2 minuti\" \/>\n<script type=\"application\/ld+json\" class=\"yoast-schema-graph\">{\"@context\":\"https:\/\/schema.org\",\"@graph\":[{\"@type\":\"WebPage\",\"@id\":\"https:\/\/euricse.eu\/it\/iniziativa-accompagnami-ecco-come-e-andata\/\",\"url\":\"https:\/\/euricse.eu\/it\/iniziativa-accompagnami-ecco-come-e-andata\/\",\"name\":\"Iniziativa \\\"Accompagnami\\\": ecco come \u00e8 andata! - Euricse\",\"isPartOf\":{\"@id\":\"https:\/\/euricse.eu\/en\/#website\"},\"primaryImageOfPage\":{\"@id\":\"https:\/\/euricse.eu\/it\/iniziativa-accompagnami-ecco-come-e-andata\/#primaryimage\"},\"image\":{\"@id\":\"https:\/\/euricse.eu\/it\/iniziativa-accompagnami-ecco-come-e-andata\/#primaryimage\"},\"thumbnailUrl\":\"https:\/\/euricse.eu\/wp-content\/uploads\/2020\/01\/foto_4-scaled.jpg\",\"datePublished\":\"2020-01-17T20:20:50+00:00\",\"dateModified\":\"2020-01-18T08:25:38+00:00\",\"author\":{\"@id\":\"https:\/\/euricse.eu\/en\/#\/schema\/person\/46be9426d76e3114ba478b69f3d8040b\"},\"breadcrumb\":{\"@id\":\"https:\/\/euricse.eu\/it\/iniziativa-accompagnami-ecco-come-e-andata\/#breadcrumb\"},\"inLanguage\":\"it-IT\",\"potentialAction\":[{\"@type\":\"ReadAction\",\"target\":[\"https:\/\/euricse.eu\/it\/iniziativa-accompagnami-ecco-come-e-andata\/\"]}]},{\"@type\":\"ImageObject\",\"inLanguage\":\"it-IT\",\"@id\":\"https:\/\/euricse.eu\/it\/iniziativa-accompagnami-ecco-come-e-andata\/#primaryimage\",\"url\":\"https:\/\/euricse.eu\/wp-content\/uploads\/2020\/01\/foto_4-scaled.jpg\",\"contentUrl\":\"https:\/\/euricse.eu\/wp-content\/uploads\/2020\/01\/foto_4-scaled.jpg\",\"width\":2560,\"height\":1706},{\"@type\":\"BreadcrumbList\",\"@id\":\"https:\/\/euricse.eu\/it\/iniziativa-accompagnami-ecco-come-e-andata\/#breadcrumb\",\"itemListElement\":[{\"@type\":\"ListItem\",\"position\":1,\"name\":\"Home\",\"item\":\"https:\/\/euricse.eu\/it\/\"},{\"@type\":\"ListItem\",\"position\":2,\"name\":\"Iniziativa &#8220;Accompagnami&#8221;: ecco come \u00e8 andata!\"}]},{\"@type\":\"WebSite\",\"@id\":\"https:\/\/euricse.eu\/en\/#website\",\"url\":\"https:\/\/euricse.eu\/en\/\",\"name\":\"Euricse\",\"description\":\"Knowledge and innovation for cooperative and social enterprises.\",\"potentialAction\":[{\"@type\":\"SearchAction\",\"target\":{\"@type\":\"EntryPoint\",\"urlTemplate\":\"https:\/\/euricse.eu\/en\/?s={search_term_string}\"},\"query-input\":{\"@type\":\"PropertyValueSpecification\",\"valueRequired\":true,\"valueName\":\"search_term_string\"}}],\"inLanguage\":\"it-IT\"},{\"@type\":\"Person\",\"@id\":\"https:\/\/euricse.eu\/en\/#\/schema\/person\/46be9426d76e3114ba478b69f3d8040b\",\"name\":\"redazione\",\"image\":{\"@type\":\"ImageObject\",\"inLanguage\":\"it-IT\",\"@id\":\"https:\/\/euricse.eu\/en\/#\/schema\/person\/image\/\",\"url\":\"https:\/\/secure.gravatar.com\/avatar\/d1e5fb76fa001722a0822f32de0a8935d9c7a01b0f055f16dc71df73252c3c50?s=96&d=mm&r=g\",\"contentUrl\":\"https:\/\/secure.gravatar.com\/avatar\/d1e5fb76fa001722a0822f32de0a8935d9c7a01b0f055f16dc71df73252c3c50?s=96&d=mm&r=g\",\"caption\":\"redazione\"},\"url\":\"https:\/\/euricse.eu\/it\/author\/marikadmin\/\"}]}<\/script>\n<!-- \/ Yoast SEO plugin. -->","yoast_head_json":{"title":"Iniziativa \"Accompagnami\": ecco come \u00e8 andata! - Euricse","robots":{"index":"index","follow":"follow","max-snippet":"max-snippet:-1","max-image-preview":"max-image-preview:large","max-video-preview":"max-video-preview:-1"},"canonical":"https:\/\/euricse.eu\/it\/iniziativa-accompagnami-ecco-come-e-andata\/","og_locale":"it_IT","og_type":"article","og_title":"Iniziativa \"Accompagnami\": ecco come \u00e8 andata! - Euricse","og_description":"Sono stati presentati, venerd\u00ec 17 gennaio, i risultati raggiunti nel primo anno di sperimentazione di \"Accompagnami\", iniziativa promossa da Fondazione Caritro ed inserita del progetto pluriennale di Welfare Km Zero.","og_url":"https:\/\/euricse.eu\/it\/iniziativa-accompagnami-ecco-come-e-andata\/","og_site_name":"Euricse","article_published_time":"2020-01-17T20:20:50+00:00","article_modified_time":"2020-01-18T08:25:38+00:00","og_image":[{"width":2560,"height":1706,"url":"https:\/\/euricse.eu\/wp-content\/uploads\/2020\/01\/foto_4-scaled.jpg","type":"image\/jpeg"}],"author":"redazione","twitter_card":"summary_large_image","twitter_misc":{"Scritto da":"redazione","Tempo di lettura stimato":"2 minuti"},"schema":{"@context":"https:\/\/schema.org","@graph":[{"@type":"WebPage","@id":"https:\/\/euricse.eu\/it\/iniziativa-accompagnami-ecco-come-e-andata\/","url":"https:\/\/euricse.eu\/it\/iniziativa-accompagnami-ecco-come-e-andata\/","name":"Iniziativa \"Accompagnami\": ecco come \u00e8 andata! - Euricse","isPartOf":{"@id":"https:\/\/euricse.eu\/en\/#website"},"primaryImageOfPage":{"@id":"https:\/\/euricse.eu\/it\/iniziativa-accompagnami-ecco-come-e-andata\/#primaryimage"},"image":{"@id":"https:\/\/euricse.eu\/it\/iniziativa-accompagnami-ecco-come-e-andata\/#primaryimage"},"thumbnailUrl":"https:\/\/euricse.eu\/wp-content\/uploads\/2020\/01\/foto_4-scaled.jpg","datePublished":"2020-01-17T20:20:50+00:00","dateModified":"2020-01-18T08:25:38+00:00","author":{"@id":"https:\/\/euricse.eu\/en\/#\/schema\/person\/46be9426d76e3114ba478b69f3d8040b"},"breadcrumb":{"@id":"https:\/\/euricse.eu\/it\/iniziativa-accompagnami-ecco-come-e-andata\/#breadcrumb"},"inLanguage":"it-IT","potentialAction":[{"@type":"ReadAction","target":["https:\/\/euricse.eu\/it\/iniziativa-accompagnami-ecco-come-e-andata\/"]}]},{"@type":"ImageObject","inLanguage":"it-IT","@id":"https:\/\/euricse.eu\/it\/iniziativa-accompagnami-ecco-come-e-andata\/#primaryimage","url":"https:\/\/euricse.eu\/wp-content\/uploads\/2020\/01\/foto_4-scaled.jpg","contentUrl":"https:\/\/euricse.eu\/wp-content\/uploads\/2020\/01\/foto_4-scaled.jpg","width":2560,"height":1706},{"@type":"BreadcrumbList","@id":"https:\/\/euricse.eu\/it\/iniziativa-accompagnami-ecco-come-e-andata\/#breadcrumb","itemListElement":[{"@type":"ListItem","position":1,"name":"Home","item":"https:\/\/euricse.eu\/it\/"},{"@type":"ListItem","position":2,"name":"Iniziativa &#8220;Accompagnami&#8221;: ecco come \u00e8 andata!"}]},{"@type":"WebSite","@id":"https:\/\/euricse.eu\/en\/#website","url":"https:\/\/euricse.eu\/en\/","name":"Euricse","description":"Knowledge and innovation for cooperative and social enterprises.","potentialAction":[{"@type":"SearchAction","target":{"@type":"EntryPoint","urlTemplate":"https:\/\/euricse.eu\/en\/?s={search_term_string}"},"query-input":{"@type":"PropertyValueSpecification","valueRequired":true,"valueName":"search_term_string"}}],"inLanguage":"it-IT"},{"@type":"Person","@id":"https:\/\/euricse.eu\/en\/#\/schema\/person\/46be9426d76e3114ba478b69f3d8040b","name":"redazione","image":{"@type":"ImageObject","inLanguage":"it-IT","@id":"https:\/\/euricse.eu\/en\/#\/schema\/person\/image\/","url":"https:\/\/secure.gravatar.com\/avatar\/d1e5fb76fa001722a0822f32de0a8935d9c7a01b0f055f16dc71df73252c3c50?s=96&d=mm&r=g","contentUrl":"https:\/\/secure.gravatar.com\/avatar\/d1e5fb76fa001722a0822f32de0a8935d9c7a01b0f055f16dc71df73252c3c50?s=96&d=mm&r=g","caption":"redazione"},"url":"https:\/\/euricse.eu\/it\/author\/marikadmin\/"}]}},"_links":{"self":[{"href":"https:\/\/euricse.eu\/it\/wp-json\/wp\/v2\/posts\/9862","targetHints":{"allow":["GET"]}}],"collection":[{"href":"https:\/\/euricse.eu\/it\/wp-json\/wp\/v2\/posts"}],"about":[{"href":"https:\/\/euricse.eu\/it\/wp-json\/wp\/v2\/types\/post"}],"author":[{"embeddable":true,"href":"https:\/\/euricse.eu\/it\/wp-json\/wp\/v2\/users\/30"}],"replies":[{"embeddable":true,"href":"https:\/\/euricse.eu\/it\/wp-json\/wp\/v2\/comments?post=9862"}],"version-history":[{"count":0,"href":"https:\/\/euricse.eu\/it\/wp-json\/wp\/v2\/posts\/9862\/revisions"}],"wp:featuredmedia":[{"embeddable":true,"href":"https:\/\/euricse.eu\/it\/wp-json\/wp\/v2\/media\/9930"}],"wp:attachment":[{"href":"https:\/\/euricse.eu\/it\/wp-json\/wp\/v2\/media?parent=9862"}],"wp:term":[{"taxonomy":"category","embeddable":true,"href":"https:\/\/euricse.eu\/it\/wp-json\/wp\/v2\/categories?post=9862"},{"taxonomy":"post_tag","embeddable":true,"href":"https:\/\/euricse.eu\/it\/wp-json\/wp\/v2\/tags?post=9862"}],"curies":[{"name":"wp","href":"https:\/\/api.w.org\/{rel}","templated":true}]}}