{"id":9992,"date":"2020-01-29T15:49:57","date_gmt":"2020-01-29T15:49:57","guid":{"rendered":"https:\/\/euricse.staging.hgblu.com\/?p=9992"},"modified":"2020-01-29T16:30:33","modified_gmt":"2020-01-29T16:30:33","slug":"cooperative-di-comunita-in-trentino-alto-adige-si-discute-di-una-legge-regionale","status":"publish","type":"post","link":"https:\/\/euricse.eu\/it\/cooperative-di-comunita-in-trentino-alto-adige-si-discute-di-una-legge-regionale\/","title":{"rendered":"Cooperative di comunit\u00e0: in Trentino Alto Adige si discute di una legge regionale"},"content":{"rendered":"\n<h5 class=\"wp-block-heading\">Pi\u00f9 di cento i partecipanti al convegno &#8220;<strong>Le cooperative di comunit\u00e0 in Trentino Alto Adige: nuove opportunit\u00e0 di partecipazione e sviluppo locale<\/strong>&#8220;, organizzato a Palazzo Widmann di Bolzano. <\/h5>\n\n\n\n<p>A raccolta numerosi attori, tra amministratori pubblici ed imprenditori, per discutere delle cooperative di comunit\u00e0 e delle prospettive future in vista di una legge regionale che inquadri il fenomeno. Tra le autorit\u00e0 locali anche l&#8217;Assessore alla Cooperazione della Provincia Autonoma di Trento Mario Tonina e l&#8217;Assessore Regionale <strong>Manfred Vallazza<\/strong> insieme a <strong>Loretta Zanon<\/strong>.<\/p>\n\n\n\n<p>In apertura Jacopo Sforzi (Euricse) ha delineato i tratti caratteristici delle cooperative di comunit\u00e0, definendole come un nuovo modo di organizzare la produzione a livello locale, che soddisfi i bisogni ed interessi specifici di un determinato contesto territoriale. Spazio poi al contribuito di <strong>Mauro Lusetti<\/strong> (presidente <strong>Alleanza Cooperative Italiane<\/strong> &#8211; <strong>ACI<\/strong>) il quale, ha fornito  una panoramica sul ruolo delle centrali cooperative all&#8217;interno di dinamiche di sviluppo locale, sottolineando come la cooperativa di comunit\u00e0 sia un concreto strumento a disposizione delle comunit\u00e0 stesse. Importante tutelare le peculiarit\u00e0 di ogni territorio per poter tracciare un percorso di crescita.<\/p>\n\n\n\n<p>Tre le realt\u00e0 che hanno portato la propria esperienza:  <strong>Cooperativa EUM<\/strong> della Val Passiria (BZ), <strong>Cooperativa Anonima Impresa Sociale<\/strong> di Perugia e <strong>Cooperativa Sociale Cadore<\/strong> di Belluno (BL).<\/p>\n\n\n\n<blockquote class=\"wp-block-quote is-layout-flow wp-block-quote-is-layout-flow\"><p>\u00c9 importante comprendere quale sia la portata di queste nuove forme organizzative. Conoscere degli esempi virtuosi pu\u00f2 solo servire a diffondere delle buone pratiche e fornire strumenti per sostenere le cooperative di comunit\u00e0 nascenti. <\/p><p>Jacopo Sforzi | ricercatore di Euricse <\/p><\/blockquote>\n\n\n\n<figure class=\"wp-block-image size-large is-style-default\"><img loading=\"lazy\" decoding=\"async\" width=\"1024\" height=\"683\" src=\"https:\/\/euricse.eu\/wp-content\/uploads\/2020\/01\/IMG_9172-1024x683.jpg\" alt=\"\" class=\"wp-image-10034\" srcset=\"https:\/\/euricse.eu\/wp-content\/uploads\/2020\/01\/IMG_9172-1024x683.jpg 1024w, https:\/\/euricse.eu\/wp-content\/uploads\/2020\/01\/IMG_9172-300x200.jpg 300w, https:\/\/euricse.eu\/wp-content\/uploads\/2020\/01\/IMG_9172-600x400.jpg 600w, https:\/\/euricse.eu\/wp-content\/uploads\/2020\/01\/IMG_9172-768x512.jpg 768w, https:\/\/euricse.eu\/wp-content\/uploads\/2020\/01\/IMG_9172-1536x1024.jpg 1536w, https:\/\/euricse.eu\/wp-content\/uploads\/2020\/01\/IMG_9172-2048x1365.jpg 2048w\" sizes=\"auto, (max-width: 1024px) 100vw, 1024px\" \/><\/figure>\n\n\n\n<p><\/p>\n\n\n\n<p>A seguire poi un confronto sulla dimensione normativa in Trentino Alto Adige. Alla tavola rotonda, coordinata da Riccardo Bodini (Euricse), hanno partecipato le autorit\u00e0 provinciali e i rappresentanti delle centrali cooperative di Trento e Bolzano: <strong>Livia Ferrario<\/strong> (Provincia Autonoma di Trento), <strong>Manuela Paulmichl<\/strong> (Provincia Autonoma di Bolzano), <strong>Christian Tanner<\/strong> (Raiffeisen S\u00fcdtirol) e <strong>Stefano Maines<\/strong> (Federazione Trentina della Cooperazione).<\/p>\n\n\n\n<blockquote class=\"wp-block-quote is-style-default is-layout-flow wp-block-quote-is-layout-flow\"><p>Ci ha fatto piacere poter mettere le nostre competenze a disposizione della Regione, delle due Province Autonome e delle centrali cooperative per elaborare insieme un\u2019ipotesi di legge regionale e organizzare l\u2019evento di oggi. Con l\u2019obiettivo condiviso di capire come questo modello organizzativo, con i suoi limiti e le sue potenzialit\u00e0, possa essere coniugato al meglio con le specificit\u00e0 del nostro contesto sociale ed economico.  <\/p><p> Riccardo Bodini | direttore di Euricse <\/p><\/blockquote>\n\n\n\n<p>Con questa iniziativa si voleva portare all&#8217;attenzione pubblica un fenomeno, quello delle cooperative di comunit\u00e0, che si \u00e8 rivelato essenziale nelle situazioni di crisi. Gi\u00e0 da tempo infatti, si riscontra la nascita di quelle che potremo definire comunit\u00e0 intraprendenti, orientate a trovare nuove soluzioni ai differenti problemi che emergono a livello locale. Il prossimo passo \u00e8 garantire a queste nuove forme di organizzazione una legislazione di supporto come avviene gi\u00e0 in diverse altre regioni d&#8217;Italia, come la Toscana e la Puglia.<\/p>\n\n\n\n<p>Qui le foto dell&#8217;<a href=\"https:\/\/www.broadcaster.it\/it\/media-news-releases\/euricse-convegno-cooperative-di-comunita\/\">evento<\/a>.<\/p>\n","protected":false},"excerpt":{"rendered":"<p>Pi\u00f9 di cento i partecipanti al convegno &#8220;Le cooperative di comunit\u00e0 in Trentino Alto Adige: nuove opportunit\u00e0 di partecipazione e sviluppo locale&#8220;, organizzato a Palazzo Widmann di Bolzano. A raccolta numerosi attori, tra amministratori pubblici ed imprenditori, per discutere delle cooperative di comunit\u00e0 e delle prospettive future in vista di una legge regionale che inquadri [&hellip;]<\/p>\n","protected":false},"author":30,"featured_media":10026,"comment_status":"open","ping_status":"closed","sticky":false,"template":"","format":"standard","meta":{"_acf_changed":false,"episode_type":"","audio_file":"","cover_image":"","cover_image_id":"","duration":"","filesize":"","date_recorded":"","explicit":"","block":"","itunes_episode_number":"","itunes_title":"","itunes_season_number":"","itunes_episode_type":"","filesize_raw":"","footnotes":""},"categories":[14,17],"tags":[],"class_list":["post-9992","post","type-post","status-publish","format-standard","has-post-thumbnail","hentry","category-blog-it","category-news-it"],"acf":[],"yoast_head":"<!-- This site is optimized with the Yoast SEO plugin v26.1.1 - https:\/\/yoast.com\/wordpress\/plugins\/seo\/ -->\n<title>Cooperative di comunit\u00e0: in Trentino Alto Adige si discute di una legge regionale - Euricse<\/title>\n<meta name=\"robots\" content=\"index, follow, max-snippet:-1, max-image-preview:large, max-video-preview:-1\" \/>\n<link rel=\"canonical\" href=\"https:\/\/euricse.eu\/it\/cooperative-di-comunita-in-trentino-alto-adige-si-discute-di-una-legge-regionale\/\" \/>\n<meta property=\"og:locale\" content=\"it_IT\" \/>\n<meta property=\"og:type\" content=\"article\" \/>\n<meta property=\"og:title\" content=\"Cooperative di comunit\u00e0: in Trentino Alto Adige si discute di una legge regionale - Euricse\" \/>\n<meta property=\"og:description\" content=\"Pi\u00f9 di cento i partecipanti al convegno &#8220;Le cooperative di comunit\u00e0 in Trentino Alto Adige: nuove opportunit\u00e0 di partecipazione e sviluppo locale&#8220;, organizzato a Palazzo Widmann di Bolzano. A raccolta numerosi attori, tra amministratori pubblici ed imprenditori, per discutere delle cooperative di comunit\u00e0 e delle prospettive future in vista di una legge regionale che inquadri [&hellip;]\" \/>\n<meta property=\"og:url\" content=\"https:\/\/euricse.eu\/it\/cooperative-di-comunita-in-trentino-alto-adige-si-discute-di-una-legge-regionale\/\" \/>\n<meta property=\"og:site_name\" content=\"Euricse\" \/>\n<meta property=\"article:published_time\" content=\"2020-01-29T15:49:57+00:00\" \/>\n<meta property=\"article:modified_time\" content=\"2020-01-29T16:30:33+00:00\" \/>\n<meta property=\"og:image\" content=\"https:\/\/euricse.eu\/wp-content\/uploads\/2020\/01\/IMG_9193-scaled.jpg\" \/>\n\t<meta property=\"og:image:width\" content=\"2560\" \/>\n\t<meta property=\"og:image:height\" content=\"1707\" \/>\n\t<meta property=\"og:image:type\" content=\"image\/jpeg\" \/>\n<meta name=\"author\" content=\"redazione\" \/>\n<meta name=\"twitter:card\" content=\"summary_large_image\" \/>\n<meta name=\"twitter:label1\" content=\"Scritto da\" \/>\n\t<meta name=\"twitter:data1\" content=\"redazione\" \/>\n\t<meta name=\"twitter:label2\" content=\"Tempo di lettura stimato\" \/>\n\t<meta name=\"twitter:data2\" content=\"2 minuti\" \/>\n<script type=\"application\/ld+json\" class=\"yoast-schema-graph\">{\"@context\":\"https:\/\/schema.org\",\"@graph\":[{\"@type\":\"WebPage\",\"@id\":\"https:\/\/euricse.eu\/it\/cooperative-di-comunita-in-trentino-alto-adige-si-discute-di-una-legge-regionale\/\",\"url\":\"https:\/\/euricse.eu\/it\/cooperative-di-comunita-in-trentino-alto-adige-si-discute-di-una-legge-regionale\/\",\"name\":\"Cooperative di comunit\u00e0: in Trentino Alto Adige si discute di una legge regionale - Euricse\",\"isPartOf\":{\"@id\":\"https:\/\/euricse.eu\/en\/#website\"},\"primaryImageOfPage\":{\"@id\":\"https:\/\/euricse.eu\/it\/cooperative-di-comunita-in-trentino-alto-adige-si-discute-di-una-legge-regionale\/#primaryimage\"},\"image\":{\"@id\":\"https:\/\/euricse.eu\/it\/cooperative-di-comunita-in-trentino-alto-adige-si-discute-di-una-legge-regionale\/#primaryimage\"},\"thumbnailUrl\":\"https:\/\/euricse.eu\/wp-content\/uploads\/2020\/01\/IMG_9193-scaled.jpg\",\"datePublished\":\"2020-01-29T15:49:57+00:00\",\"dateModified\":\"2020-01-29T16:30:33+00:00\",\"author\":{\"@id\":\"https:\/\/euricse.eu\/en\/#\/schema\/person\/46be9426d76e3114ba478b69f3d8040b\"},\"breadcrumb\":{\"@id\":\"https:\/\/euricse.eu\/it\/cooperative-di-comunita-in-trentino-alto-adige-si-discute-di-una-legge-regionale\/#breadcrumb\"},\"inLanguage\":\"it-IT\",\"potentialAction\":[{\"@type\":\"ReadAction\",\"target\":[\"https:\/\/euricse.eu\/it\/cooperative-di-comunita-in-trentino-alto-adige-si-discute-di-una-legge-regionale\/\"]}]},{\"@type\":\"ImageObject\",\"inLanguage\":\"it-IT\",\"@id\":\"https:\/\/euricse.eu\/it\/cooperative-di-comunita-in-trentino-alto-adige-si-discute-di-una-legge-regionale\/#primaryimage\",\"url\":\"https:\/\/euricse.eu\/wp-content\/uploads\/2020\/01\/IMG_9193-scaled.jpg\",\"contentUrl\":\"https:\/\/euricse.eu\/wp-content\/uploads\/2020\/01\/IMG_9193-scaled.jpg\",\"width\":2560,\"height\":1707},{\"@type\":\"BreadcrumbList\",\"@id\":\"https:\/\/euricse.eu\/it\/cooperative-di-comunita-in-trentino-alto-adige-si-discute-di-una-legge-regionale\/#breadcrumb\",\"itemListElement\":[{\"@type\":\"ListItem\",\"position\":1,\"name\":\"Home\",\"item\":\"https:\/\/euricse.eu\/it\/\"},{\"@type\":\"ListItem\",\"position\":2,\"name\":\"Cooperative di comunit\u00e0: in Trentino Alto Adige si discute di una legge regionale\"}]},{\"@type\":\"WebSite\",\"@id\":\"https:\/\/euricse.eu\/en\/#website\",\"url\":\"https:\/\/euricse.eu\/en\/\",\"name\":\"Euricse\",\"description\":\"Knowledge and innovation for cooperative and social enterprises.\",\"potentialAction\":[{\"@type\":\"SearchAction\",\"target\":{\"@type\":\"EntryPoint\",\"urlTemplate\":\"https:\/\/euricse.eu\/en\/?s={search_term_string}\"},\"query-input\":{\"@type\":\"PropertyValueSpecification\",\"valueRequired\":true,\"valueName\":\"search_term_string\"}}],\"inLanguage\":\"it-IT\"},{\"@type\":\"Person\",\"@id\":\"https:\/\/euricse.eu\/en\/#\/schema\/person\/46be9426d76e3114ba478b69f3d8040b\",\"name\":\"redazione\",\"image\":{\"@type\":\"ImageObject\",\"inLanguage\":\"it-IT\",\"@id\":\"https:\/\/euricse.eu\/en\/#\/schema\/person\/image\/\",\"url\":\"https:\/\/secure.gravatar.com\/avatar\/d1e5fb76fa001722a0822f32de0a8935d9c7a01b0f055f16dc71df73252c3c50?s=96&d=mm&r=g\",\"contentUrl\":\"https:\/\/secure.gravatar.com\/avatar\/d1e5fb76fa001722a0822f32de0a8935d9c7a01b0f055f16dc71df73252c3c50?s=96&d=mm&r=g\",\"caption\":\"redazione\"},\"url\":\"https:\/\/euricse.eu\/it\/author\/marikadmin\/\"}]}<\/script>\n<!-- \/ Yoast SEO plugin. -->","yoast_head_json":{"title":"Cooperative di comunit\u00e0: in Trentino Alto Adige si discute di una legge regionale - Euricse","robots":{"index":"index","follow":"follow","max-snippet":"max-snippet:-1","max-image-preview":"max-image-preview:large","max-video-preview":"max-video-preview:-1"},"canonical":"https:\/\/euricse.eu\/it\/cooperative-di-comunita-in-trentino-alto-adige-si-discute-di-una-legge-regionale\/","og_locale":"it_IT","og_type":"article","og_title":"Cooperative di comunit\u00e0: in Trentino Alto Adige si discute di una legge regionale - Euricse","og_description":"Pi\u00f9 di cento i partecipanti al convegno &#8220;Le cooperative di comunit\u00e0 in Trentino Alto Adige: nuove opportunit\u00e0 di partecipazione e sviluppo locale&#8220;, organizzato a Palazzo Widmann di Bolzano. A raccolta numerosi attori, tra amministratori pubblici ed imprenditori, per discutere delle cooperative di comunit\u00e0 e delle prospettive future in vista di una legge regionale che inquadri [&hellip;]","og_url":"https:\/\/euricse.eu\/it\/cooperative-di-comunita-in-trentino-alto-adige-si-discute-di-una-legge-regionale\/","og_site_name":"Euricse","article_published_time":"2020-01-29T15:49:57+00:00","article_modified_time":"2020-01-29T16:30:33+00:00","og_image":[{"width":2560,"height":1707,"url":"https:\/\/euricse.eu\/wp-content\/uploads\/2020\/01\/IMG_9193-scaled.jpg","type":"image\/jpeg"}],"author":"redazione","twitter_card":"summary_large_image","twitter_misc":{"Scritto da":"redazione","Tempo di lettura stimato":"2 minuti"},"schema":{"@context":"https:\/\/schema.org","@graph":[{"@type":"WebPage","@id":"https:\/\/euricse.eu\/it\/cooperative-di-comunita-in-trentino-alto-adige-si-discute-di-una-legge-regionale\/","url":"https:\/\/euricse.eu\/it\/cooperative-di-comunita-in-trentino-alto-adige-si-discute-di-una-legge-regionale\/","name":"Cooperative di comunit\u00e0: in Trentino Alto Adige si discute di una legge regionale - Euricse","isPartOf":{"@id":"https:\/\/euricse.eu\/en\/#website"},"primaryImageOfPage":{"@id":"https:\/\/euricse.eu\/it\/cooperative-di-comunita-in-trentino-alto-adige-si-discute-di-una-legge-regionale\/#primaryimage"},"image":{"@id":"https:\/\/euricse.eu\/it\/cooperative-di-comunita-in-trentino-alto-adige-si-discute-di-una-legge-regionale\/#primaryimage"},"thumbnailUrl":"https:\/\/euricse.eu\/wp-content\/uploads\/2020\/01\/IMG_9193-scaled.jpg","datePublished":"2020-01-29T15:49:57+00:00","dateModified":"2020-01-29T16:30:33+00:00","author":{"@id":"https:\/\/euricse.eu\/en\/#\/schema\/person\/46be9426d76e3114ba478b69f3d8040b"},"breadcrumb":{"@id":"https:\/\/euricse.eu\/it\/cooperative-di-comunita-in-trentino-alto-adige-si-discute-di-una-legge-regionale\/#breadcrumb"},"inLanguage":"it-IT","potentialAction":[{"@type":"ReadAction","target":["https:\/\/euricse.eu\/it\/cooperative-di-comunita-in-trentino-alto-adige-si-discute-di-una-legge-regionale\/"]}]},{"@type":"ImageObject","inLanguage":"it-IT","@id":"https:\/\/euricse.eu\/it\/cooperative-di-comunita-in-trentino-alto-adige-si-discute-di-una-legge-regionale\/#primaryimage","url":"https:\/\/euricse.eu\/wp-content\/uploads\/2020\/01\/IMG_9193-scaled.jpg","contentUrl":"https:\/\/euricse.eu\/wp-content\/uploads\/2020\/01\/IMG_9193-scaled.jpg","width":2560,"height":1707},{"@type":"BreadcrumbList","@id":"https:\/\/euricse.eu\/it\/cooperative-di-comunita-in-trentino-alto-adige-si-discute-di-una-legge-regionale\/#breadcrumb","itemListElement":[{"@type":"ListItem","position":1,"name":"Home","item":"https:\/\/euricse.eu\/it\/"},{"@type":"ListItem","position":2,"name":"Cooperative di comunit\u00e0: in Trentino Alto Adige si discute di una legge regionale"}]},{"@type":"WebSite","@id":"https:\/\/euricse.eu\/en\/#website","url":"https:\/\/euricse.eu\/en\/","name":"Euricse","description":"Knowledge and innovation for cooperative and social enterprises.","potentialAction":[{"@type":"SearchAction","target":{"@type":"EntryPoint","urlTemplate":"https:\/\/euricse.eu\/en\/?s={search_term_string}"},"query-input":{"@type":"PropertyValueSpecification","valueRequired":true,"valueName":"search_term_string"}}],"inLanguage":"it-IT"},{"@type":"Person","@id":"https:\/\/euricse.eu\/en\/#\/schema\/person\/46be9426d76e3114ba478b69f3d8040b","name":"redazione","image":{"@type":"ImageObject","inLanguage":"it-IT","@id":"https:\/\/euricse.eu\/en\/#\/schema\/person\/image\/","url":"https:\/\/secure.gravatar.com\/avatar\/d1e5fb76fa001722a0822f32de0a8935d9c7a01b0f055f16dc71df73252c3c50?s=96&d=mm&r=g","contentUrl":"https:\/\/secure.gravatar.com\/avatar\/d1e5fb76fa001722a0822f32de0a8935d9c7a01b0f055f16dc71df73252c3c50?s=96&d=mm&r=g","caption":"redazione"},"url":"https:\/\/euricse.eu\/it\/author\/marikadmin\/"}]}},"_links":{"self":[{"href":"https:\/\/euricse.eu\/it\/wp-json\/wp\/v2\/posts\/9992","targetHints":{"allow":["GET"]}}],"collection":[{"href":"https:\/\/euricse.eu\/it\/wp-json\/wp\/v2\/posts"}],"about":[{"href":"https:\/\/euricse.eu\/it\/wp-json\/wp\/v2\/types\/post"}],"author":[{"embeddable":true,"href":"https:\/\/euricse.eu\/it\/wp-json\/wp\/v2\/users\/30"}],"replies":[{"embeddable":true,"href":"https:\/\/euricse.eu\/it\/wp-json\/wp\/v2\/comments?post=9992"}],"version-history":[{"count":0,"href":"https:\/\/euricse.eu\/it\/wp-json\/wp\/v2\/posts\/9992\/revisions"}],"wp:featuredmedia":[{"embeddable":true,"href":"https:\/\/euricse.eu\/it\/wp-json\/wp\/v2\/media\/10026"}],"wp:attachment":[{"href":"https:\/\/euricse.eu\/it\/wp-json\/wp\/v2\/media?parent=9992"}],"wp:term":[{"taxonomy":"category","embeddable":true,"href":"https:\/\/euricse.eu\/it\/wp-json\/wp\/v2\/categories?post=9992"},{"taxonomy":"post_tag","embeddable":true,"href":"https:\/\/euricse.eu\/it\/wp-json\/wp\/v2\/tags?post=9992"}],"curies":[{"name":"wp","href":"https:\/\/api.w.org\/{rel}","templated":true}]}}